{"id":122513,"date":"2020-02-22T12:45:35","date_gmt":"2020-02-22T11:45:35","guid":{"rendered":"https:\/\/zjarr.tv\/?p=122513"},"modified":"2020-02-22T12:45:35","modified_gmt":"2020-02-22T11:45:35","slug":"pritej-doreheqja-besa-shahini-sulmon-mediat-pse-i-denoncuan","status":"publish","type":"post","link":"https:\/\/zjarr.tv\/en\/pritej-doreheqja-besa-shahini-sulmon-mediat-pse-i-denoncuan\/","title":{"rendered":"Pritej dor\u00ebheqja, Besa Shahini sulmon mediat pse i denoncuan"},"content":{"rendered":"<p>Ministrja e Arsimit Besa Shahini ka reaguar m\u00eb n\u00eb fund n\u00eb lidhje me skandalet seksuale t\u00eb nj\u00ebpasnj\u00ebshme n\u00eb shkollat shqiptare ku rasti m\u00eb i r\u00ebnd\u00eb \u00ebsht\u00eb ai i m\u00ebsuesit t\u00eb Liceut Artistik \u2018Jakov Xoxa\u2019 n\u00eb Fier.<\/p>\n<p>Ndon\u00ebse prej dit\u00ebsh aktivist\u00eb t\u00eb ndrysh\u00ebm protestojn\u00eb dhe k\u00ebrkojn\u00eb dor\u00ebheqjen e ministres Shahini kjo e fundit ka reaguar sot n\u00eb faqen e saj n\u00eb Facebook duke shp\u00ebrthyer n\u00eb sharje dhe k\u00ebrc\u00ebnime p\u00ebr mediat q\u00eb kan\u00eb b\u00ebr\u00eb publike rastet e r\u00ebnda t\u00eb cilat vijonin prej vitesh n\u00eb k\u00ebt\u00eb shkoll\u00eb dhe n\u00eb shum\u00eb t\u00eb tjera.<\/p>\n<p>Asnj\u00eb mas\u00eb konkrete e marr\u00eb nga ministria q\u00eb drejton prej m\u00eb shum\u00eb se 1 viti Besa Shahini dhe asnj\u00eb mb\u00ebshtetje morale dhe publike e mbi t\u00eb gjitha nj\u00eb premtim p\u00ebr drejt\u00ebsi ndaj f\u00ebmij\u00ebve viktima t\u00eb t\u00eb em\u00ebruarve p\u00ebr t\u2019i mbrojtur e edukuar ata.<\/p>\n<p><strong>Reagimi i Besa Shahinit n\u00eb Facebook:<\/strong><\/p>\n<p><em>Shfryt\u00ebzimi i viktimave t\u00eb abuzimit apo neglizhenc\u00ebs, p\u00ebr arsye t\u00eb t\u00ebrheqjes s\u00eb v\u00ebmendjes apo vet\u00eb-promovimit, \u00ebsht\u00eb posht\u00ebrsi.<\/em><\/p>\n<p><em>Po t\u00eb kishin interesin e t\u00eb abuzuarve n\u00eb mendje, nuk do t\u2019i nxirrnin n\u00eb media me identitet t\u00eb plot\u00eb duke spekuluar me dit\u00eb t\u00eb t\u00ebra p\u00ebr detaje t\u00eb abuzimit.<\/em><\/p>\n<p><em>Kam mbi dy vite n\u00eb Shqip\u00ebri q\u00eb shoh jet\u00ebt e grave dhe vajzave t\u00eb shkat\u00ebrrohen n\u00ebn pesh\u00ebn e kazanit mediatik, dhe jo vet\u00ebm! T\u00eb gjith\u00eb ne kemi detyrimin t\u00eb ngrem\u00eb z\u00ebrin p\u00ebrball\u00eb padrejt\u00ebsis\u00eb apo abuzimit dhe t\u00eb sigurohemi q\u00eb shkaktar\u00ebt e d\u00ebmit t\u00eb marrin d\u00ebnimin e duhur. Por n\u00eb k\u00ebt\u00eb proces nuk guxojm\u00eb t\u00eb thellojm\u00eb d\u00ebmin ndaj t\u00eb d\u00ebmtuarit.<\/em><\/p>\n<p><em>Asnj\u00eb rast i dhun\u00ebs dhe abuzimit nuk tolerohet! Sidomos n\u00eb shkoll\u00eb! Masat e rrepta q\u00eb kemi nd\u00ebrmarr\u00eb p\u00ebr parandalim dhe d\u00ebnim e reflektojn\u00eb k\u00ebt\u00eb!<\/em><\/p>\n<p><em>Dua t\u00eb n\u00ebnvizoj edhe nj\u00eb her\u00eb: shfryt\u00ebzimi i viktimave t\u00eb abuzimit p\u00ebr p\u00ebrfitim t\u00eb v\u00ebmendjes \u00ebsht\u00eb abuzim n\u00eb vete. Ndaj edhe k\u00ebt\u00eb form\u00eb t\u00eb abuzimit do t\u00eb b\u00ebj \u00e7mos ta luftoj!<\/em><\/p>","protected":false},"excerpt":{"rendered":"<p>Ministrja e Arsimit Besa Shahini ka reaguar m\u00eb n\u00eb fund n\u00eb lidhje me skandalet seksuale t\u00eb nj\u00ebpasnj\u00ebshme n\u00eb shkollat shqiptare ku rasti m\u00eb i r\u00ebnd\u00eb \u00ebsht\u00eb ai i m\u00ebsuesit t\u00eb Liceut Artistik \u2018Jakov Xoxa\u2019 n\u00eb Fier. Ndon\u00ebse prej dit\u00ebsh aktivist\u00eb t\u00eb ndrysh\u00ebm protestojn\u00eb dhe k\u00ebrkojn\u00eb dor\u00ebheqjen e ministres Shahini kjo e fundit ka reaguar sot [&hellip;]<\/p>\n","protected":false},"author":2013,"featured_media":66623,"comment_status":"open","ping_status":"closed","sticky":false,"template":"","format":"standard","meta":{"footnotes":""},"categories":[241,235],"tags":[],"class_list":{"0":"post-122513","1":"post","2":"type-post","3":"status-publish","4":"format-standard","5":"has-post-thumbnail","7":"category-aktualitet","8":"category-vendi"},"_links":{"self":[{"href":"https:\/\/zjarr.tv\/en\/wp-json\/wp\/v2\/posts\/122513","targetHints":{"allow":["GET"]}}],"collection":[{"href":"https:\/\/zjarr.tv\/en\/wp-json\/wp\/v2\/posts"}],"about":[{"href":"https:\/\/zjarr.tv\/en\/wp-json\/wp\/v2\/types\/post"}],"author":[{"embeddable":true,"href":"https:\/\/zjarr.tv\/en\/wp-json\/wp\/v2\/users\/2013"}],"replies":[{"embeddable":true,"href":"https:\/\/zjarr.tv\/en\/wp-json\/wp\/v2\/comments?post=122513"}],"version-history":[{"count":0,"href":"https:\/\/zjarr.tv\/en\/wp-json\/wp\/v2\/posts\/122513\/revisions"}],"wp:featuredmedia":[{"embeddable":true,"href":"https:\/\/zjarr.tv\/en\/wp-json\/wp\/v2\/media\/66623"}],"wp:attachment":[{"href":"https:\/\/zjarr.tv\/en\/wp-json\/wp\/v2\/media?parent=122513"}],"wp:term":[{"taxonomy":"category","embeddable":true,"href":"https:\/\/zjarr.tv\/en\/wp-json\/wp\/v2\/categories?post=122513"},{"taxonomy":"post_tag","embeddable":true,"href":"https:\/\/zjarr.tv\/en\/wp-json\/wp\/v2\/tags?post=122513"}],"curies":[{"name":"wp","href":"https:\/\/api.w.org\/{rel}","templated":true}]}}