{"id":122524,"date":"2020-02-22T14:29:13","date_gmt":"2020-02-22T13:29:13","guid":{"rendered":"https:\/\/zjarr.tv\/?p=122524"},"modified":"2020-02-22T14:29:13","modified_gmt":"2020-02-22T13:29:13","slug":"shkoder-feste-e-hapur-karnavalet-2020","status":"publish","type":"post","link":"https:\/\/zjarr.tv\/en\/shkoder-feste-e-hapur-karnavalet-2020\/","title":{"rendered":"Shkod\u00ebr\/ Fest\u00eb e hapur, &#8220;Karnavalet 2020&#8221;"},"content":{"rendered":"<div>\n<p>Shkodra cil\u00ebsohet prej t\u00eb gjith\u00ebve si djepi i kultur\u00ebs, dhe k\u00ebt\u00eb e kupton jo vet\u00ebm p\u00ebrmes emrave t\u00eb njohur t\u00eb k\u00ebtij qyteti q\u00eb kan\u00eb ndikuar panoram\u00ebn artistike e kulturore shqiptare nd\u00ebr shekuj, por edhe p\u00ebr m\u00ebnyr\u00ebn se si shkodran\u00ebt jetojn\u00eb p\u00ebrditshm\u00ebrin\u00eb e tyre. \u00cbsht\u00eb nj\u00eb nga qytetet shqiptare me m\u00eb shum\u00eb gjall\u00ebri artistike p\u00ebrgjat\u00eb vitit, ku organizohen disa nga eventet kulturore m\u00eb t\u00eb r\u00ebnd\u00ebsishme komb\u00ebtare e nd\u00ebrkomb\u00ebtare.<\/p>\n<\/div>\n<div class=\"short-content\">Rreth 700 f\u00ebmij\u00eb jan\u00eb pjes\u00eb e parad\u00ebs me maska dhe qindra qytetar\u00eb e vizitor\u00eb po i bashkohen fest\u00ebs q\u00eb do t\u00eb zgjas\u00eb dy dit\u00eb p\u00ebr t\u00eb shijuar ushqimin, pijet, zbavitjet, muzik\u00ebn dhe arg\u00ebtimin q\u00eb do p\u00ebrmbyllet me djegien simbolike t\u00eb nj\u00eb dordoleci prej kashte n\u00eb qend\u00ebr t\u00eb qytetit.<\/div>\n<div class=\"entry-content\">\n<p>Nd\u00ebrkoh\u00eb karnavalet n\u00eb Shkod\u00ebr zgjasin tre dit\u00eb, n\u00eb nj\u00eb tradit\u00eb t\u00eb nisur 159 vite m\u00eb par\u00eb dhe q\u00eb vijon deri n\u00eb dit\u00ebt e sotme. Momenti kulminant do t\u00eb jet\u00eb djegia e dordolecit, q\u00eb simbolizon largimin e t\u00eb k\u00ebqijave dhe fenomeneve negative.<\/p>\n<div class=\"middle-content-ads\"><\/div>\n<\/div>","protected":false},"excerpt":{"rendered":"<p>Shkodra cil\u00ebsohet prej t\u00eb gjith\u00ebve si djepi i kultur\u00ebs, dhe k\u00ebt\u00eb e kupton jo vet\u00ebm p\u00ebrmes emrave t\u00eb njohur t\u00eb k\u00ebtij qyteti q\u00eb kan\u00eb ndikuar panoram\u00ebn artistike e kulturore shqiptare nd\u00ebr shekuj, por edhe p\u00ebr m\u00ebnyr\u00ebn se si shkodran\u00ebt jetojn\u00eb p\u00ebrditshm\u00ebrin\u00eb e tyre. \u00cbsht\u00eb nj\u00eb nga qytetet shqiptare me m\u00eb shum\u00eb gjall\u00ebri artistike p\u00ebrgjat\u00eb vitit, [&hellip;]<\/p>\n","protected":false},"author":2013,"featured_media":122525,"comment_status":"open","ping_status":"closed","sticky":false,"template":"","format":"standard","meta":{"footnotes":""},"categories":[241,337,235],"tags":[],"class_list":{"0":"post-122524","1":"post","2":"type-post","3":"status-publish","4":"format-standard","5":"has-post-thumbnail","7":"category-aktualitet","8":"category-kulture","9":"category-vendi"},"_links":{"self":[{"href":"https:\/\/zjarr.tv\/en\/wp-json\/wp\/v2\/posts\/122524","targetHints":{"allow":["GET"]}}],"collection":[{"href":"https:\/\/zjarr.tv\/en\/wp-json\/wp\/v2\/posts"}],"about":[{"href":"https:\/\/zjarr.tv\/en\/wp-json\/wp\/v2\/types\/post"}],"author":[{"embeddable":true,"href":"https:\/\/zjarr.tv\/en\/wp-json\/wp\/v2\/users\/2013"}],"replies":[{"embeddable":true,"href":"https:\/\/zjarr.tv\/en\/wp-json\/wp\/v2\/comments?post=122524"}],"version-history":[{"count":0,"href":"https:\/\/zjarr.tv\/en\/wp-json\/wp\/v2\/posts\/122524\/revisions"}],"wp:featuredmedia":[{"embeddable":true,"href":"https:\/\/zjarr.tv\/en\/wp-json\/wp\/v2\/media\/122525"}],"wp:attachment":[{"href":"https:\/\/zjarr.tv\/en\/wp-json\/wp\/v2\/media?parent=122524"}],"wp:term":[{"taxonomy":"category","embeddable":true,"href":"https:\/\/zjarr.tv\/en\/wp-json\/wp\/v2\/categories?post=122524"},{"taxonomy":"post_tag","embeddable":true,"href":"https:\/\/zjarr.tv\/en\/wp-json\/wp\/v2\/tags?post=122524"}],"curies":[{"name":"wp","href":"https:\/\/api.w.org\/{rel}","templated":true}]}}