{"id":122548,"date":"2020-02-23T11:18:51","date_gmt":"2020-02-23T10:18:51","guid":{"rendered":"https:\/\/zjarr.tv\/?p=122548"},"modified":"2020-02-23T11:18:51","modified_gmt":"2020-02-23T10:18:51","slug":"basha-apel-qeverise-per-koronavirusin-te-nisin-menjehere-kontrollet-ne-pikat-kufitare","status":"publish","type":"post","link":"https:\/\/zjarr.tv\/en\/basha-apel-qeverise-per-koronavirusin-te-nisin-menjehere-kontrollet-ne-pikat-kufitare\/","title":{"rendered":"Basha apel qeveris\u00eb p\u00ebr koronavirusin: T\u00eb nisin menj\u00ebher\u00eb kontrollet n\u00eb pikat kufitare"},"content":{"rendered":"<p>Pas p\u00ebrhapjes me shpejt\u00ebsi t\u00eb epidemis\u00eb s\u00eb koronavirusit n\u00eb Italin\u00eb fqinje, kreu i opozit\u00ebs Lulzim Basha i k\u00ebrkon qeveris\u00eb shqiptare t\u00eb marr\u00eb masa serioze dhe t\u00eb menj\u00ebhershme.<\/p>\n<p><em><strong>Basha:<\/strong>\u00a0P\u00ebr fat t\u00eb keq n\u00eb Italin\u00eb fqinje jan\u00eb sh\u00ebnuar viktimat e para nga Koronavirus nd\u00ebkoh\u00eb q\u00eb po rritet numri i t\u00eb prekurve prej tij. I k\u00ebrkoj qeveris\u00eb t\u00eb marr\u00eb masa serioze dhe t\u00eb menj\u00ebhershme.<\/em><\/p>\n<p>Basha u b\u00ebn thirrje autoriteteve sh\u00ebndet\u00ebsore t\u00eb nisin kontrollet n\u00eb pikat kufitare.<\/p>\n<p><em><strong>Basha:<\/strong>\u00a0\u00c7do pik\u00eb kontrolli kufitar dhe qend\u00ebr sh\u00ebndet\u00ebsore t\u00eb pajiset pa asnj\u00eb vones\u00eb me personelin dhe aparatet e duhura p\u00ebr t\u00eb evidentuar dhe trajtuar n\u00eb koh\u00eb \u00e7do rast t\u00eb mundsh\u00ebm.<\/em><\/p>\n<p>Shqip\u00ebria dyfishoi personelin e nj\u00ebsive sh\u00ebndet\u00ebsore n\u00eb pikat kufitare n\u00eb p\u00ebrpjekje p\u00ebr t\u00eb forcuar kontrollet e udh\u00ebtar\u00ebve q\u00eb vijn\u00eb nga vendet e prekura prej koronavirusit.<\/p>\n<p>Masat sh\u00ebndet\u00ebsore u shtuan n\u00eb portet detare, aeroportet dhe pikat tok\u00ebsore t\u00eb Shqip\u00ebris\u00eb pas lajmeve mbi pranin\u00eb e koronavirusit n\u00eb Italin\u00eb fqinje.<\/p>\n<p>Qeveria ka ngritur nj\u00eb ekip t\u00eb posa\u00e7\u00ebm p\u00ebr parandalimin, kontrollin dhe mbrojtjen e popullat\u00ebs ndaj koronavirusit t\u00eb ri.<\/p>\n<p>Ekspert\u00ebt dhe drejtuesit e institucioneve sh\u00ebndet\u00ebsore vendos\u00ebn mbledhjen e sotme p\u00ebrforcimin e masave n\u00eb pikat kufitare p\u00ebr t\u00eb gjurmuar raste t\u00eb mundshme t\u00eb koronavirusit.<\/p>\n<p>Ata k\u00ebrkuan shtimin e mjeteve mbrojt\u00ebse personale, spitalore, laboratorike dhe shtimin e kontrolleve p\u00ebr t\u00eb parandaluar dep\u00ebrtimin e koronavirusit n\u00eb Shqip\u00ebri.<\/p>","protected":false},"excerpt":{"rendered":"<p>Pas p\u00ebrhapjes me shpejt\u00ebsi t\u00eb epidemis\u00eb s\u00eb koronavirusit n\u00eb Italin\u00eb fqinje, kreu i opozit\u00ebs Lulzim Basha i k\u00ebrkon qeveris\u00eb shqiptare t\u00eb marr\u00eb masa serioze dhe t\u00eb menj\u00ebhershme. Basha:\u00a0P\u00ebr fat t\u00eb keq n\u00eb Italin\u00eb fqinje jan\u00eb sh\u00ebnuar viktimat e para nga Koronavirus nd\u00ebkoh\u00eb q\u00eb po rritet numri i t\u00eb prekurve prej tij. I k\u00ebrkoj qeveris\u00eb t\u00eb [&hellip;]<\/p>\n","protected":false},"author":2013,"featured_media":116819,"comment_status":"open","ping_status":"closed","sticky":false,"template":"","format":"standard","meta":{"footnotes":""},"categories":[241,235],"tags":[],"class_list":{"0":"post-122548","1":"post","2":"type-post","3":"status-publish","4":"format-standard","5":"has-post-thumbnail","7":"category-aktualitet","8":"category-vendi"},"_links":{"self":[{"href":"https:\/\/zjarr.tv\/en\/wp-json\/wp\/v2\/posts\/122548","targetHints":{"allow":["GET"]}}],"collection":[{"href":"https:\/\/zjarr.tv\/en\/wp-json\/wp\/v2\/posts"}],"about":[{"href":"https:\/\/zjarr.tv\/en\/wp-json\/wp\/v2\/types\/post"}],"author":[{"embeddable":true,"href":"https:\/\/zjarr.tv\/en\/wp-json\/wp\/v2\/users\/2013"}],"replies":[{"embeddable":true,"href":"https:\/\/zjarr.tv\/en\/wp-json\/wp\/v2\/comments?post=122548"}],"version-history":[{"count":0,"href":"https:\/\/zjarr.tv\/en\/wp-json\/wp\/v2\/posts\/122548\/revisions"}],"wp:featuredmedia":[{"embeddable":true,"href":"https:\/\/zjarr.tv\/en\/wp-json\/wp\/v2\/media\/116819"}],"wp:attachment":[{"href":"https:\/\/zjarr.tv\/en\/wp-json\/wp\/v2\/media?parent=122548"}],"wp:term":[{"taxonomy":"category","embeddable":true,"href":"https:\/\/zjarr.tv\/en\/wp-json\/wp\/v2\/categories?post=122548"},{"taxonomy":"post_tag","embeddable":true,"href":"https:\/\/zjarr.tv\/en\/wp-json\/wp\/v2\/tags?post=122548"}],"curies":[{"name":"wp","href":"https:\/\/api.w.org\/{rel}","templated":true}]}}