{"id":122554,"date":"2020-02-23T11:33:49","date_gmt":"2020-02-23T10:33:49","guid":{"rendered":"https:\/\/zjarr.tv\/?p=122554"},"modified":"2020-02-23T11:33:49","modified_gmt":"2020-02-23T10:33:49","slug":"fituan-miliona-nga-bastet-sot-masa-e-sigurise-per-30-nga-115-te-arrestuarit","status":"publish","type":"post","link":"https:\/\/zjarr.tv\/en\/fituan-miliona-nga-bastet-sot-masa-e-sigurise-per-30-nga-115-te-arrestuarit\/","title":{"rendered":"Fituan miliona nga bastet, sot masa e siguris\u00eb p\u00ebr 30 nga 115 t\u00eb arrestuarit"},"content":{"rendered":"<p>Gjykata e Tiran\u00ebs pritet t\u00eb jap\u00eb sot masat e siguris\u00eb p\u00ebr 33 nga 115 t\u00eb arrestuarit n\u00eb kuad\u00ebr t\u00eb operacionit &#8220;Fati i lojrave&#8221;.<\/p>\n<p>24 t\u00eb tjer\u00eb jan\u00eb proceduar n\u00eb gjendje t\u00eb lir\u00eb dhe 2 jan\u00eb shpallur n\u00eb k\u00ebrkim<\/p>\n<p>Jan\u00eb sekuestruar 172 milion lek\u00eb t\u00eb vjetra kompjutera \u00a0t\u00eb loj\u00ebrave t\u00eb fatit, dhjet\u00ebra aparat\u00eb celular e aksesor\u00eb t\u00eb tjer\u00eb q\u00eb sh\u00ebrbenin p\u00ebr organizimin dhe implementimin e k\u00ebtij aktiviteti kriminal.<\/p>\n<p>Operacioni u nd\u00ebrmor n\u00eb 8 qarqe t\u00eb vendit, Tiran\u00eb, Durr\u00ebs, Elbasan, Fier, Berat, Kor\u00e7\u00eb, Lezh\u00eb e Shkod\u00ebr.<\/p>\n<p>N\u00eb Tiran\u00eb dhe n\u00eb qarqe u ushtruan 486 kontrolle n\u00eb lokale dhe ambiente q\u00eb dyshohej se zhvillohej kjo veprimtari kriminale.<\/p>\n<p>N\u00eb Tiran\u00eb jan\u00eb arrestuar 84 administrator\u00eb dhe menaxher\u00eb t\u00eb lokaleve\u00a0ku organizonin loj\u00ebrat e fatit dhe kishin v\u00ebn\u00eb n\u00eb dispozicion t\u00eb ambienteve p\u00ebr zhvillimin e k\u00ebtij aktiviteti t\u00eb paligjsh\u00ebm.<\/p>\n<p><strong>Trupi gjykues pritet t\u00eb jap\u00eb mas\u00ebn e siguris\u00eb p\u00ebr personat si m\u00eb posht\u00eb<\/strong><\/p>\n<p>-Amarildo Kallallari<\/p>\n<p>-Erjon Muja<\/p>\n<p>-Axhildo Kashari<\/p>\n<p>-Igli Oboni<\/p>\n<p>-Taulant Pre\u00e7i<\/p>\n<p>-Isuf Tato<\/p>\n<p>-Denis Hysko<\/p>\n<p>-Krejstjano Jai\u00e7ari<\/p>\n<p>-Arjan Tasellari<\/p>\n<p>-Erjon Kreka<\/p>\n<p>-Drini Gora<\/p>\n<p>-Igli Spaholli<\/p>\n<p>-Redinel Hamolli<\/p>\n<p>-Ledion Ali\u00e7ka<\/p>\n<p>-Klevis Dedja<\/p>\n<p>-Edrian Myftari<\/p>\n<p>-Sokol Myftari<\/p>\n<p>-Endrit Osmanaj<\/p>\n<p>-Dritan Dema<\/p>\n<p>-Gerald Frroku<\/p>\n<p>-Samuel Buziu<\/p>\n<p>-Mario Ylli<\/p>\n<p>-Ilirjan Mustafa<\/p>\n<p>-Ali \u00c7aushi<\/p>\n<p>-Klajdi Kuqo<\/p>\n<p>-Kostandin Delilaj<\/p>\n<p>-Enes Saliaj<\/p>\n<p>-Julian Kasaj<\/p>\n<p>-Elvis Brahimi<\/p>\n<p>-Melazim Hykaj<\/p>\n<p>-Romir Hamitaj<\/p>\n<p>-Klajdi Toska<\/p>","protected":false},"excerpt":{"rendered":"<p>Gjykata e Tiran\u00ebs pritet t\u00eb jap\u00eb sot masat e siguris\u00eb p\u00ebr 33 nga 115 t\u00eb arrestuarit n\u00eb kuad\u00ebr t\u00eb operacionit &#8220;Fati i lojrave&#8221;. 24 t\u00eb tjer\u00eb jan\u00eb proceduar n\u00eb gjendje t\u00eb lir\u00eb dhe 2 jan\u00eb shpallur n\u00eb k\u00ebrkim Jan\u00eb sekuestruar 172 milion lek\u00eb t\u00eb vjetra kompjutera \u00a0t\u00eb loj\u00ebrave t\u00eb fatit, dhjet\u00ebra aparat\u00eb celular e aksesor\u00eb [&hellip;]<\/p>\n","protected":false},"author":2013,"featured_media":65478,"comment_status":"open","ping_status":"closed","sticky":false,"template":"","format":"standard","meta":{"footnotes":""},"categories":[241,235],"tags":[],"class_list":{"0":"post-122554","1":"post","2":"type-post","3":"status-publish","4":"format-standard","5":"has-post-thumbnail","7":"category-aktualitet","8":"category-vendi"},"_links":{"self":[{"href":"https:\/\/zjarr.tv\/en\/wp-json\/wp\/v2\/posts\/122554","targetHints":{"allow":["GET"]}}],"collection":[{"href":"https:\/\/zjarr.tv\/en\/wp-json\/wp\/v2\/posts"}],"about":[{"href":"https:\/\/zjarr.tv\/en\/wp-json\/wp\/v2\/types\/post"}],"author":[{"embeddable":true,"href":"https:\/\/zjarr.tv\/en\/wp-json\/wp\/v2\/users\/2013"}],"replies":[{"embeddable":true,"href":"https:\/\/zjarr.tv\/en\/wp-json\/wp\/v2\/comments?post=122554"}],"version-history":[{"count":0,"href":"https:\/\/zjarr.tv\/en\/wp-json\/wp\/v2\/posts\/122554\/revisions"}],"wp:featuredmedia":[{"embeddable":true,"href":"https:\/\/zjarr.tv\/en\/wp-json\/wp\/v2\/media\/65478"}],"wp:attachment":[{"href":"https:\/\/zjarr.tv\/en\/wp-json\/wp\/v2\/media?parent=122554"}],"wp:term":[{"taxonomy":"category","embeddable":true,"href":"https:\/\/zjarr.tv\/en\/wp-json\/wp\/v2\/categories?post=122554"},{"taxonomy":"post_tag","embeddable":true,"href":"https:\/\/zjarr.tv\/en\/wp-json\/wp\/v2\/tags?post=122554"}],"curies":[{"name":"wp","href":"https:\/\/api.w.org\/{rel}","templated":true}]}}