{"id":122567,"date":"2020-02-23T13:54:18","date_gmt":"2020-02-23T12:54:18","guid":{"rendered":"https:\/\/zjarr.tv\/?p=122567"},"modified":"2020-02-23T13:54:18","modified_gmt":"2020-02-23T12:54:18","slug":"malltezi-nga-vlora-shqiptaret-kurban-i-luftes-mes-bandave-ne-qeveri","status":"publish","type":"post","link":"https:\/\/zjarr.tv\/en\/malltezi-nga-vlora-shqiptaret-kurban-i-luftes-mes-bandave-ne-qeveri\/","title":{"rendered":"Malltezi nga Vlora: Shqiptar\u00ebt, kurban i luft\u00ebs mes bandave n\u00eb qeveri"},"content":{"rendered":"<p>Drejtuesi i Departamentit t\u00eb Mjedisit n\u00eb Partin\u00eb Demokratike Jamarb\u00ebr Malltezi ka dal\u00eb sot para mediave n\u00eb portin e Vlor\u00ebs pak dit\u00eb pas kapjes s\u00eb nj\u00eb ngarkese me mbetje t\u00eb rrezikshme n\u00eb nj\u00eb traget t\u00eb linj\u00ebs Brindisi-Vlor\u00eb. Malltezi akuzoi qeverin\u00eb dhe kryeministrin Edi Rama se po lejon importin e mbetjeve n\u00ebn etiket\u00ebn si kimikate, p\u00ebrmes vendimit t\u00eb K\u00ebshillit t\u00eb Ministrave 665 t\u00eb dat\u00ebs 21.09.2016 \u201cP\u00ebr eksportin dhe importin e kimikateve t\u00eb rrezikshme\u201d.<\/p>\n<p>Ai pyeti se ku kan\u00eb p\u00ebrfunduar 14 ngarkesat e m\u00ebparshme me mbetje t\u00eb rrezikshme duke iu referuar lajmit t\u00eb mediave italiane p\u00ebr 15 rrug\u00eb me mbetje. Sipas tij, kjo qeveri duhet hequr qafe si nj\u00eb mbetje e rrezikshme p\u00ebr qytetar\u00ebt.<\/p>\n<p>Malltezi i k\u00ebrkoi Prokuroris\u00eb mos t\u00eb mbylle syt\u00eb, por t\u00eb bashk\u00ebpunoj\u00eb me prokurorin\u00eb e Le\u00e7es p\u00ebr t\u00eb hetuar k\u00ebt\u00eb trafik nd\u00ebrkomb\u00ebtar mbetjesh t\u00eb rrezikshme, t\u00eb sjellin polici shkencore dhe t\u00eb marrin mostrat p\u00ebr t\u2019i analizuar n\u00eb Laborator\u00ebt e Akredituar t\u00eb Mbetjeve t\u00eb rrezikshme pasi n\u00eb Shqip\u00ebri nuk ka asnj\u00eb laborator t\u00eb akredituar p\u00ebr k\u00ebto lloj mbetjesh.<\/p>\n<p><strong>DEKLARAT\u00cb E PARTIS\u00cb DEMOKRATIKE, JAMARB\u00cbR MALLTEZI<\/strong><br \/>\nT\u00eb gjith\u00eb mbani mend sesi Edi Rama u perpoq t\u00eb kalonte ligjin p\u00ebr importin e mbetjeve para pak vitesh me p\u00ebrbetimet se Portet dhe Doganat Shqiptare ishin t\u00eb sigurta. Ndon\u00ebse nuk e miratoi dot ligjin, Rama lejon importin e mbetjeve n\u00ebn etiket\u00ebn si kimikate, p\u00ebrmes VKM 665 t\u00eb dat\u00ebs 21.09.2016 \u201cP\u00ebr eksportin dhe importin e kimikateve t\u00eb rrezikshme\u201d.<\/p>\n<p>Vlonjatet si gjith\u00eb shqiptar\u00ebt meritojn\u00eb det dhe mjedis t\u00eb past\u00ebr, pa helme dhe pa mbetje t\u00eb rrezikshme.<\/p>\n<p>Vlonjatet pat\u00ebn mund\u00ebsi t\u00eb ndiejn\u00eb nga af\u00ebr d\u00ebshir\u00ebn e madhe t\u00eb Edi Ram\u00ebs p\u00ebr t\u00eb importuar plehrat e bot\u00ebs. Mediat italiane raportuan p\u00ebr t\u00eb pakt\u00ebn 15 udh\u00ebtime me traget, ku sasi t\u00eb konsiderueshme t\u00eb mbetjeve t\u00eb rrezikshme p\u00ebr sh\u00ebndetin e njeriut dhe mjedisin, largohej nga Italia me q\u00ebllim depozitimin n\u00eb Shqip\u00ebri sipas nj\u00eb skeme tipike mafioze.<\/p>\n<p>Vlonjat\u00ebt dhe gjith\u00eb shqiptar\u00ebt pan\u00eb Edi Ram\u00ebn n\u00eb dark\u00eb t\u00eb ngusht\u00eb me z. Kornuzi q\u00eb banon n\u00eb Si\u00e7ili, pronarin e nd\u00ebrmarrjes \u201cKornuzi\u201d, biznesi i s\u00eb cil\u00ebs \u00ebsht\u00eb ajo e depozitimit t\u00eb mbeturinave dhe e cila transportonte ngarkes\u00ebn jasht\u00eb portit te Vlor\u00ebs.<\/p>\n<p>Tek rruga e 15-t\u00eb mesa duket qenkan prishur pazaret dhe u kap ngarkesa.<br \/>\nPo ku kan\u00eb p\u00ebrfunduar 14 ngarkesat e m\u00ebparshme me mbetje t\u00eb rrezikshme?<br \/>\nN\u00eb det apo maleve q\u00eb t\u00eb ndotin dhe rrezikojn\u00eb sh\u00ebndetin e qytetar\u00ebve me azbest p\u00ebr 100 vitet e ardhshme?<\/p>\n<p>Vlonjatet jan\u00eb t\u00eb qart\u00eb p\u00ebr skem\u00ebn e funksionimit. Ata e dine se kujt i jan\u00eb dh\u00ebn\u00eb licencat p\u00ebr tragete dhe kujt i jane dhene licensat p\u00ebr grumbullim dhe depozitim mbetjesh. Gjith\u00eb shqiptar\u00ebt mor\u00ebn sihariqin pardje se do shkrihet inspektoriati i mjedisit dhe do behet pjese e IKMT, pra kjo qeveri do polic\u00eb q\u00eb t\u00eb ndajn\u00eb pazaret ve\u00e7 p\u00ebr nd\u00ebrtime por jo inxhinier\u00eb mjedisi q\u00eb matin rrezikshm\u00ebrin\u00eb dhe sasin\u00eb e mbetjeve t\u00eb rrezikshme.<\/p>\n<p>Edi Rama do na thot\u00eb prap\u00eb se edhe n\u00eb dark\u00ebn e ngroht\u00eb, ia ulen trafikantin me zor, por shqiptaret e kan\u00eb t\u00eb qart\u00eb lidhjen e Ram\u00ebs me trafiqet, bandat, drog\u00ebn dhe plehrat.<\/p>\n<p>Kjo qeveri duhet hequr qafe si nj\u00eb mbetje e rrezikshme p\u00ebr qytetar\u00ebt.<br \/>\nN\u00eb p\u00ebrpjekje p\u00ebr t\u00eb fshehur importin e kancerit, qeveria dje tentoi t\u00eb g\u00ebnjente sikur nuk jan\u00eb mbetje t\u00eb rrezikshme, POR ky vend nuk ka laborator\u00eb t\u00eb akredituar t\u00eb mbetjeve t\u00eb rrezikshme ND\u00cbRSA mbetjet radioaktive jan\u00eb pjese e vog\u00ebl e mbetjeve te rrezikshme.<\/p>\n<p>Azbesti dhe vajrat e ndotura nuk jan\u00eb radioaktive, POR jan\u00eb mbetje toksike kancerogjene!<\/p>\n<p>Prokuroria shqiptare i detyrohet popullit t\u00eb Vlor\u00ebs q\u00eb mos t\u00eb mbylle syt\u00eb, por t\u00eb bashk\u00ebpunoj\u00eb me prokurorin\u00eb e Le\u00e7es p\u00ebr t\u00eb hetuar k\u00ebt\u00eb trafik nd\u00ebrkomb\u00ebtar mbetjesh t\u00eb rrezikshme, t\u00eb sjellin polici shkencore dhe t\u00eb marrin mostrat p\u00ebr ti analizuar n\u00eb Laborator\u00ebt e Akredituar t\u00eb Mbetjeve t\u00eb rrezikshme pasi n\u00eb Shqip\u00ebri nuk ka asnj\u00eb laborator t\u00eb akredituar p\u00ebr k\u00ebto lloj mbetjesh. Shqiptar\u00ebt nuk ka pse b\u00ebhen kurban t\u00eb luft\u00ebs s\u00eb klaneve n\u00eb PS q\u00eb duan t\u00eb b\u00ebjn\u00eb biznes me vdekjen!<\/p>\n<p><iframe loading=\"lazy\" src=\"https:\/\/video.syri.net\/embed\/mcdUM487GAvLAmA\" width=\"700\" height=\"400\" frameborder=\"0\" allowfullscreen=\"allowfullscreen\" data-mce-fragment=\"1\"><\/iframe><\/p>","protected":false},"excerpt":{"rendered":"<p>Drejtuesi i Departamentit t\u00eb Mjedisit n\u00eb Partin\u00eb Demokratike Jamarb\u00ebr Malltezi ka dal\u00eb sot para mediave n\u00eb portin e Vlor\u00ebs pak dit\u00eb pas kapjes s\u00eb nj\u00eb ngarkese me mbetje t\u00eb rrezikshme n\u00eb nj\u00eb traget t\u00eb linj\u00ebs Brindisi-Vlor\u00eb. Malltezi akuzoi qeverin\u00eb dhe kryeministrin Edi Rama se po lejon importin e mbetjeve n\u00ebn etiket\u00ebn si kimikate, p\u00ebrmes vendimit [&hellip;]<\/p>\n","protected":false},"author":2013,"featured_media":122569,"comment_status":"open","ping_status":"closed","sticky":false,"template":"","format":"standard","meta":{"footnotes":""},"categories":[241,235],"tags":[],"class_list":{"0":"post-122567","1":"post","2":"type-post","3":"status-publish","4":"format-standard","5":"has-post-thumbnail","7":"category-aktualitet","8":"category-vendi"},"_links":{"self":[{"href":"https:\/\/zjarr.tv\/en\/wp-json\/wp\/v2\/posts\/122567","targetHints":{"allow":["GET"]}}],"collection":[{"href":"https:\/\/zjarr.tv\/en\/wp-json\/wp\/v2\/posts"}],"about":[{"href":"https:\/\/zjarr.tv\/en\/wp-json\/wp\/v2\/types\/post"}],"author":[{"embeddable":true,"href":"https:\/\/zjarr.tv\/en\/wp-json\/wp\/v2\/users\/2013"}],"replies":[{"embeddable":true,"href":"https:\/\/zjarr.tv\/en\/wp-json\/wp\/v2\/comments?post=122567"}],"version-history":[{"count":0,"href":"https:\/\/zjarr.tv\/en\/wp-json\/wp\/v2\/posts\/122567\/revisions"}],"wp:featuredmedia":[{"embeddable":true,"href":"https:\/\/zjarr.tv\/en\/wp-json\/wp\/v2\/media\/122569"}],"wp:attachment":[{"href":"https:\/\/zjarr.tv\/en\/wp-json\/wp\/v2\/media?parent=122567"}],"wp:term":[{"taxonomy":"category","embeddable":true,"href":"https:\/\/zjarr.tv\/en\/wp-json\/wp\/v2\/categories?post=122567"},{"taxonomy":"post_tag","embeddable":true,"href":"https:\/\/zjarr.tv\/en\/wp-json\/wp\/v2\/tags?post=122567"}],"curies":[{"name":"wp","href":"https:\/\/api.w.org\/{rel}","templated":true}]}}