{"id":122574,"date":"2020-02-23T14:15:33","date_gmt":"2020-02-23T13:15:33","guid":{"rendered":"https:\/\/zjarr.tv\/?p=122574"},"modified":"2020-02-23T14:15:33","modified_gmt":"2020-02-23T13:15:33","slug":"ekspertja-e-ishp-asnje-rast-i-dyshuar-me-koronavirus-ne-vend","status":"publish","type":"post","link":"https:\/\/zjarr.tv\/en\/ekspertja-e-ishp-asnje-rast-i-dyshuar-me-koronavirus-ne-vend\/","title":{"rendered":"Ekspertja e ISHP: Asnj\u00eb rast i dyshuar me koronavirus n\u00eb vend"},"content":{"rendered":"<p>Drejtuesja e departamentit t\u00eb epidemiologjis\u00eb n\u00eb Institutin e Sh\u00ebndetit Publik\u00a0 ka dal\u00eb sot para mediave p\u00ebr t\u00eb informuar p\u00ebr situat\u00ebn n\u00eb vend dhe masat e marra nga autoritetet p\u00ebr koronavirusin, i cili n\u00eb Itali ka dhjet\u00ebra raste t\u00eb konfirmuara.<\/p>\n<p>Bino deklaroi se nuk duhet t\u00eb ket\u00eb panik dhe se n\u00eb Shqip\u00ebri nuk ka asnj\u00eb rast t\u00eb dyshuar. \u201cNuk duhet t\u00eb ket\u00eb panik p\u00ebr momentin nuk kemi asnj\u00eb rast t\u00eb dyshuar n\u00eb Shqip\u00ebri. E r\u00ebnd\u00ebsishme t\u00eb jemi vigjilent\u00eb, jo vet\u00ebm por dhe t\u00eb kujdessh\u00ebm p\u00ebr veten dhe t\u00eb af\u00ebrmit tan\u00eb. Ky virus nuk luftohet vet\u00ebm nga strukturat qeveritare por dhe duke u kujdesur. Mos p\u00ebshtyjm\u00eb p\u00ebrtok\u00eb, t\u00eb vendosim grop\u00ebz\u00ebn e b\u00ebrrylit kur t\u00ebshtim\u00eb. Mos prekim hund\u00ebn, goj\u00ebn. Jan\u00eb disa rregulla t\u00eb thjeshta sanitare. Ky \u00ebsht\u00eb nj\u00eb virus i thjesht\u00eb. P\u00ebrhapet po n\u00eb at\u00eb rrug\u00eb q\u00eb p\u00ebrhapet virusi i gripit. Gripin nuk e marrim n\u00eb konsiderat\u00eb shpesh her\u00eb por ky virus ka nj\u00eb vdekshm\u00ebri disi m\u00eb t\u00eb lart\u00eb se gripi. Kjo \u00ebsht\u00eb k\u00ebshilla e par\u00eb, duhet t\u00eb kujdesemi p\u00ebr higjien\u00ebn\u2019, deklaroi ekspertja e Sh\u00ebndetit Publik.<\/p>\n<p>Ajo theksoi se Instituti i Sh\u00ebndetit Publik e p\u00ebrcakton diagnoz\u00ebn e koronavirusit n\u00eb vend dhe se ka disa pajisje q\u00eb jan\u00eb p\u00ebr diagnostifikim. \u201cNuk ka ve\u00e7 nj\u00eb pajisje por disa pajisje q\u00eb ndihmojn\u00eb nj\u00ebra-tjetr\u00ebn. Ka t\u00eb gjitha kitet, t\u00eb gjith\u00eb reagent\u00ebt p\u00ebr t\u2019u kryer diagnoza e koronavirusit n\u00eb vend. Laboratori i ISHP \u00ebsht\u00eb pjes\u00eb e rrjetit t\u00eb laborator\u00ebve europian\u00eb. Ne jemi t\u00eb pajisur, t\u00eb kontrolluar. Ne jemi n\u00eb at\u00eb hap q\u00eb jan\u00eb gjith\u00eb vendet e tjera t\u00eb bot\u00ebs dhe sidomos t\u00eb Europ\u00ebs\u201d, tha m\u00eb tej Bino.<\/p>\n<p>Ajo deklaroi se jan\u00eb p\u00ebrforcuar masat n\u00eb kufi dhe apeloi q\u00eb t\u00eb gjith\u00eb ata q\u00eb udh\u00ebtojn\u00eb drejt apo nga zonat e prekura t\u00eb njoftojn\u00eb p\u00ebr \u00e7do shqet\u00ebsim.<\/p>\n<p>\u201cE di q\u00eb t\u00eb gjith\u00eb e keni mendjen atje. Ju b\u00ebj thirrje t\u00eb gjith\u00eb qytetar\u00ebve q\u00eb udh\u00ebtojn\u00eb, t\u00eb jen\u00eb t\u00eb kujdessh\u00ebm dhe t\u00eb raportojn\u00eb \u00e7do shqet\u00ebsim sh\u00ebndet\u00ebsor. N\u00eb aeroport ndodhet nj\u00ebsia e inspektoratit sanitar e p\u00ebrb\u00ebr\u00eb nga mjek\u00eb e personel sh\u00ebndet\u00ebsor. Virusi n\u00eb asnj\u00eb vend t\u00eb bot\u00ebs nuk mund t\u00eb ndalet n\u00eb aeroport. Ka shum\u00eb diskutime p\u00ebr skanerat, p\u00ebr temperaturat. Por nga t\u00eb gjitha studimet \u00ebsht\u00eb treguar se ato nuk kan\u00eb ndonj\u00eb vler\u00eb n\u00eb kapjen e hershme. Kapja e hershme vet\u00ebm n\u00ebp\u00ebrmjet sistemit sh\u00ebndet\u00ebsor. Shqip\u00ebria \u00ebsht\u00eb nj\u00eb vend q\u00eb ka nj\u00eb eksperienc\u00eb shum\u00eb t\u00eb mir\u00eb n\u00eb gjurmimin e kontakteve. Jav\u00ebs q\u00eb shkoi provuam nj\u00eb testim t\u00eb vetes son\u00eb p\u00ebr t\u00eb par\u00eb sa shpejt i kapim kontaktet. Sepse \u00ebsht\u00eb e r\u00ebnd\u00ebsishme kapja e kontaktit dhe m\u00eb tej marrja e masave p\u00ebr izolimin\u201d, tha Bino.<\/p>\n<p>Ajo sqaroi m\u00eb tej se karantina \u00ebsht\u00eb vend p\u00ebr t\u00eb sh\u00ebndosh\u00ebt dhe iu k\u00ebrkoi qytetar\u00ebve t\u00eb ken\u00eb besim tek autoritetet. \u201cN\u00eb qoft\u00eb se kemi nj\u00eb kontakt me t\u00eb s\u00ebmurin, ai sipas kushteve futet n\u00eb vet\u00ebkarantin\u00eb, n\u00eb qoft\u00eb se kushtet e tij e lejojn\u00eb ose futet n\u00eb nj\u00eb karantin\u00eb t\u00eb p\u00ebrcaktuar mir\u00eb, e cila \u00ebsht\u00eb e p\u00ebrcaktuar n\u00eb momentin q\u00eb flasim dhe \u00ebsht\u00eb nj\u00eb struktur\u00eb spitalore. Kemi p\u00ebrzgjedhur nj\u00eb struktur\u00eb spitalore p\u00ebr kushtet e mira.<br \/>\nJan\u00eb p\u00ebrzgjedhur dhe struktura t\u00eb tjera q\u00eb i plot\u00ebsojn\u00eb k\u00ebto kushte. Kemi p\u00ebrcaktuar rregullat qoft\u00eb p\u00ebr karantin\u00ebn n\u00eb sht\u00ebpi, qoft\u00eb p\u00ebr n\u00eb struktura t\u00eb tjera.<br \/>\n\u00cbsht\u00eb normale q\u00eb njer\u00ebzit t\u00eb ken\u00eb frik\u00eb por nuk duhet t\u00eb ket\u00eb panik. Kini besim tek strukturat, kini besim tek ne dhe tek mua q\u00eb po flas sepse shpesh e shoh q\u00eb ka dyshime\u201d, deklaroi Bino, e cila shpjegoi se koronavirusi merret n\u00ebp\u00ebrmjet sp\u00ebrklave t\u00eb p\u00ebshtym\u00ebs dhe jo frym\u00ebmarrjes.<\/p>\n<div id=\"videoad\"><\/div>\n<div id=\"pa_1x1_psbk_1582463625842\"><iframe id=\"postbid_if_1582463625954\" width=\"300\" height=\"250\" frameborder=\"0\" marginwidth=\"0\" marginheight=\"0\" scrolling=\"no\" data-mce-fragment=\"1\"><\/iframe><\/div>\n<p>Po k\u00ebshtu shefja e departamentit t\u00eb epidemiologjis\u00eb n\u00eb ISHP mohoi z\u00ebrat q\u00eb n\u00eb Kavaj\u00eb n\u00eb qendr\u00ebn e sapo inauguruar t\u00eb sh\u00ebndetit mendor do ket\u00eb nj\u00eb pik\u00eb karantine.<\/p>\n<p>Ministrja e Sh\u00ebndet\u00ebsis\u00eb dhe Mbrojtjes Sociale ka mbledhur edhe gjat\u00eb dit\u00ebs s\u00eb sotme Task-Forc\u00ebn p\u00ebr koronavirusin. Ministria e Sh\u00ebndet\u00ebsis\u00eb rekomandon t\u00eb gjith\u00eb qytetar\u00ebt q\u00eb kan\u00eb udh\u00ebtuar nga vendet e prekura, t\u00eb telefonojn\u00eb n\u00eb numrin e Urgjenc\u00ebs Komb\u00ebtare 127 n\u00eb rast t\u00eb shfaqjes s\u00eb \u00e7do shqet\u00ebsimi apo shenje klinike.<\/p>","protected":false},"excerpt":{"rendered":"<p>Drejtuesja e departamentit t\u00eb epidemiologjis\u00eb n\u00eb Institutin e Sh\u00ebndetit Publik\u00a0 ka dal\u00eb sot para mediave p\u00ebr t\u00eb informuar p\u00ebr situat\u00ebn n\u00eb vend dhe masat e marra nga autoritetet p\u00ebr koronavirusin, i cili n\u00eb Itali ka dhjet\u00ebra raste t\u00eb konfirmuara. Bino deklaroi se nuk duhet t\u00eb ket\u00eb panik dhe se n\u00eb Shqip\u00ebri nuk ka asnj\u00eb rast [&hellip;]<\/p>\n","protected":false},"author":2013,"featured_media":0,"comment_status":"open","ping_status":"closed","sticky":false,"template":"","format":"standard","meta":{"footnotes":""},"categories":[241,235],"tags":[],"class_list":{"0":"post-122574","1":"post","2":"type-post","3":"status-publish","4":"format-standard","6":"category-aktualitet","7":"category-vendi"},"_links":{"self":[{"href":"https:\/\/zjarr.tv\/en\/wp-json\/wp\/v2\/posts\/122574","targetHints":{"allow":["GET"]}}],"collection":[{"href":"https:\/\/zjarr.tv\/en\/wp-json\/wp\/v2\/posts"}],"about":[{"href":"https:\/\/zjarr.tv\/en\/wp-json\/wp\/v2\/types\/post"}],"author":[{"embeddable":true,"href":"https:\/\/zjarr.tv\/en\/wp-json\/wp\/v2\/users\/2013"}],"replies":[{"embeddable":true,"href":"https:\/\/zjarr.tv\/en\/wp-json\/wp\/v2\/comments?post=122574"}],"version-history":[{"count":0,"href":"https:\/\/zjarr.tv\/en\/wp-json\/wp\/v2\/posts\/122574\/revisions"}],"wp:attachment":[{"href":"https:\/\/zjarr.tv\/en\/wp-json\/wp\/v2\/media?parent=122574"}],"wp:term":[{"taxonomy":"category","embeddable":true,"href":"https:\/\/zjarr.tv\/en\/wp-json\/wp\/v2\/categories?post=122574"},{"taxonomy":"post_tag","embeddable":true,"href":"https:\/\/zjarr.tv\/en\/wp-json\/wp\/v2\/tags?post=122574"}],"curies":[{"name":"wp","href":"https:\/\/api.w.org\/{rel}","templated":true}]}}