{"id":122577,"date":"2020-02-23T14:24:40","date_gmt":"2020-02-23T13:24:40","guid":{"rendered":"https:\/\/zjarr.tv\/?p=122577"},"modified":"2020-02-23T14:24:40","modified_gmt":"2020-02-23T13:24:40","slug":"balluku-ne-ministerialin-e-3-te-boteror-per-sigurine-rrugore-angazhime-konkrete-ne-kuader-te-deklarates-se-stokholmit","status":"publish","type":"post","link":"https:\/\/zjarr.tv\/en\/balluku-ne-ministerialin-e-3-te-boteror-per-sigurine-rrugore-angazhime-konkrete-ne-kuader-te-deklarates-se-stokholmit\/","title":{"rendered":"Balluku n\u00eb ministerialin e 3-t\u00eb Bot\u00ebror p\u00ebr Sigurin\u00eb Rrugore, angazhime konkrete n\u00eb kuad\u00ebr t\u00eb Deklarat\u00ebs s\u00eb Stokholmit"},"content":{"rendered":"<p>Ministrja e Infrastruktur\u00ebs dhe Energjis\u00eb, Belinda Balluku mori pjes\u00eb n\u00eb Ministerialin e 3-t\u00eb Bot\u00ebror p\u00ebr Sigurin\u00eb Rrugore, zhvilluar n\u00eb Stokholm t\u00eb Suedis\u00eb dhe organizuar n\u00eb bashk\u00ebpunim me Organizat\u00ebn Bot\u00ebrore t\u00eb Sh\u00ebndet\u00ebsis\u00eb. Ky ministerial zhvillohet nj\u00eb her\u00eb n\u00eb pes\u00eb vjet dhe i fundit \u00ebsht\u00eb zhvilluar n\u00eb 2015 n\u00eb Brazil. N\u00eb konferenc\u00ebn e Stokholmit mor\u00ebn pjes\u00eb 1700 delegat\u00eb nga 140 vende t\u00eb ndryshme t\u00eb bot\u00ebs.<\/p>\n<p>R\u00ebnd\u00ebsia e k\u00ebtij ministeriali \u00ebsht\u00eb tashm\u00eb evidente dhe nga ombrella q\u00eb i jep OBSH, pasi siguria rrugore \u00ebsht\u00eb klasifikuar si nj\u00eb nga strategjit\u00eb e OKB, p\u00ebr mbrojtjen e shoq\u00ebris\u00eb njer\u00ebzore, si\u00e7 jan\u00eb t\u00eb drejtat e njeriut, ndryshimet klimaterike etj.<\/p>\n<p>Ministeriali i Stokholmit u hap solemnisht nga mbreti i Suedis\u00eb, Carl XVI Gustaf dhe ministri suedez i Transportit, si p\u00ebrfaq\u00ebsues i shtetit mikprit\u00ebs t\u00eb k\u00ebtij eventi t\u00eb r\u00ebnd\u00ebsish\u00ebm nd\u00ebrkombetar, i njohu pjes\u00ebmarr\u00ebsit me Deklarat\u00ebn e Stokholmit. Kjo deklarat\u00eb \u00ebsht\u00eb nj\u00eb plan veprimi prej 18 pikash, p\u00ebr t\u00eb reduktuar me 50% fatalitetet dhe d\u00ebmtimet nga aksidentet rrugore, gjat\u00eb dekad\u00ebs s\u00eb ardhshme.<\/p>\n<p>Shqip\u00ebria ka b\u00ebr\u00eb nj\u00eb progres t\u00eb konsideruesh\u00ebm n\u00eb fush\u00ebn e siguris\u00eb rrugore. N\u00eb 6 vitet e fundit numri i aksidenteve rrugore \u00ebsht\u00eb ulur me 22%, nd\u00ebrsa numri i viktimave n\u00eb 10 vitet e fundit \u00ebsht\u00eb ulur me 36%.<\/p>\n<p>Nj\u00eb rol t\u00eb r\u00ebnd\u00ebsish\u00ebm n\u00eb k\u00ebt\u00eb progres kan\u00eb luajtur reformat e thella t\u00eb nd\u00ebrmarra nga Drejtoria e P\u00ebrgjithshme e Sh\u00ebrbimeve t\u00eb Transportit Rrugor p\u00ebr forcimin e kritereve n\u00eb procesin e trajnimit dhe t\u00eb testimit t\u00eb drejtuesve t\u00eb mjeteve si dhe ARRSH n\u00eb eliminimin e pikave t\u00eb zeza n\u00eb akset rrugore, projekt ky i mb\u00ebshtetur nga Banka Bot\u00ebrore.<\/p>\n<p>Gjat\u00eb punimeve t\u00eb konferenc\u00ebs ministrja Balluku ka zhvilluar nj\u00eb takim t\u00eb r\u00ebnd\u00ebsish\u00ebm me p\u00ebrfaq\u00ebsues t\u00eb Bank\u00ebs Bot\u00ebrore, me t\u00eb cil\u00ebt ka diskutuar dhe detajuar projektin ambicioz t\u00eb Qendr\u00ebs s\u00eb Monitorimit t\u00eb Trafiku, por dhe projekte t\u00eb tjera, t\u00eb cilat do t\u00eb ndikojn\u00eb n\u00eb p\u00ebrmir\u00ebsimin e kushteve t\u00eb siguris\u00eb rrugore. Drejtuesit e BB, pjes\u00ebmarr\u00ebs n\u00eb ministerial, vler\u00ebsuam progresin e b\u00ebr\u00eb n\u00eb k\u00ebt\u00eb fush\u00eb dhe shpreh\u00ebn mb\u00ebshtetjen e tyre p\u00ebr hapat, q\u00eb do t\u00eb hidhen n\u00eb t\u00eb ardhmen.<\/p>\n<p>Gjat\u00eb ministerialit, komisionerja p\u00ebr Transportin n\u00eb Komisionin Europian, Adina Ioana V\u0103lean, e em\u00ebruar rishtaz n\u00eb k\u00ebt\u00eb detyr\u00eb, shpalosi programin e saj dhe k\u00ebrkoi nga ministrat angazhim t\u00eb plot\u00eb n\u00eb k\u00ebt\u00eb \u00e7\u00ebshtje jetike p\u00ebr njer\u00ebzit. Ajo deklaroj gjithashtu se KE e konsideron sigurin\u00eb rrugore si nj\u00eb nga \u00e7\u00ebshtjet m\u00eb t\u00eb r\u00ebnd\u00ebsishme p\u00ebr dekad\u00ebn e ardhshme.<\/p>\n<p>P\u00ebrmes Deklarat\u00ebs s\u00eb Stokholmit, Shqip\u00ebria nd\u00ebrmori angazhimin p\u00ebr zbatimin e planit t\u00eb masave, p\u00ebr t\u00eb rritur investimet n\u00eb infrastruktur\u00eb dhe zbatimin e metodave inovative t\u00eb evidentuara n\u00eb praktikat m\u00eb t\u00eb mira nd\u00ebrkomb\u00ebtare, me q\u00ebllim p\u00ebrmir\u00ebsim e siguris\u00eb rrugore, parandalimin e aksidenteve dhe reduktimin e numrit t\u00eb fataliteteve si pasoje e tyre. Po ashtu nj\u00eb tjet\u00ebr angazhim i r\u00ebnd\u00ebsish\u00ebm ishte ai p\u00ebr t\u00eb bashk\u00ebpunuar n\u00eb nivel global p\u00ebr krijimin e rrjeteve rrugore m\u00eb t\u00eb sigurta dhe p\u00ebr t\u00eb shp\u00ebtuar jet\u00eb mbar\u00ebbot\u00ebrisht.<\/p>","protected":false},"excerpt":{"rendered":"<p>Ministrja e Infrastruktur\u00ebs dhe Energjis\u00eb, Belinda Balluku mori pjes\u00eb n\u00eb Ministerialin e 3-t\u00eb Bot\u00ebror p\u00ebr Sigurin\u00eb Rrugore, zhvilluar n\u00eb Stokholm t\u00eb Suedis\u00eb dhe organizuar n\u00eb bashk\u00ebpunim me Organizat\u00ebn Bot\u00ebrore t\u00eb Sh\u00ebndet\u00ebsis\u00eb. Ky ministerial zhvillohet nj\u00eb her\u00eb n\u00eb pes\u00eb vjet dhe i fundit \u00ebsht\u00eb zhvilluar n\u00eb 2015 n\u00eb Brazil. N\u00eb konferenc\u00ebn e Stokholmit mor\u00ebn pjes\u00eb 1700 [&hellip;]<\/p>\n","protected":false},"author":2013,"featured_media":122578,"comment_status":"open","ping_status":"closed","sticky":false,"template":"","format":"standard","meta":{"footnotes":""},"categories":[241,235],"tags":[],"class_list":{"0":"post-122577","1":"post","2":"type-post","3":"status-publish","4":"format-standard","5":"has-post-thumbnail","7":"category-aktualitet","8":"category-vendi"},"_links":{"self":[{"href":"https:\/\/zjarr.tv\/en\/wp-json\/wp\/v2\/posts\/122577","targetHints":{"allow":["GET"]}}],"collection":[{"href":"https:\/\/zjarr.tv\/en\/wp-json\/wp\/v2\/posts"}],"about":[{"href":"https:\/\/zjarr.tv\/en\/wp-json\/wp\/v2\/types\/post"}],"author":[{"embeddable":true,"href":"https:\/\/zjarr.tv\/en\/wp-json\/wp\/v2\/users\/2013"}],"replies":[{"embeddable":true,"href":"https:\/\/zjarr.tv\/en\/wp-json\/wp\/v2\/comments?post=122577"}],"version-history":[{"count":0,"href":"https:\/\/zjarr.tv\/en\/wp-json\/wp\/v2\/posts\/122577\/revisions"}],"wp:featuredmedia":[{"embeddable":true,"href":"https:\/\/zjarr.tv\/en\/wp-json\/wp\/v2\/media\/122578"}],"wp:attachment":[{"href":"https:\/\/zjarr.tv\/en\/wp-json\/wp\/v2\/media?parent=122577"}],"wp:term":[{"taxonomy":"category","embeddable":true,"href":"https:\/\/zjarr.tv\/en\/wp-json\/wp\/v2\/categories?post=122577"},{"taxonomy":"post_tag","embeddable":true,"href":"https:\/\/zjarr.tv\/en\/wp-json\/wp\/v2\/tags?post=122577"}],"curies":[{"name":"wp","href":"https:\/\/api.w.org\/{rel}","templated":true}]}}