{"id":122580,"date":"2020-02-23T14:46:31","date_gmt":"2020-02-23T13:46:31","guid":{"rendered":"https:\/\/zjarr.tv\/?p=122580"},"modified":"2020-02-23T14:46:31","modified_gmt":"2020-02-23T13:46:31","slug":"reforma-zgjedhore-palet-politike-do-te-ndryshojne-periudhen-zgjedhore","status":"publish","type":"post","link":"https:\/\/zjarr.tv\/en\/reforma-zgjedhore-palet-politike-do-te-ndryshojne-periudhen-zgjedhore\/","title":{"rendered":"Reforma Zgjedhore, pal\u00ebt politike do t\u00eb ndryshojn\u00eb periudh\u00ebn zgjedhore"},"content":{"rendered":"<p>Pal\u00ebt politike po diskutojn\u00eb n\u00eb tryez\u00ebn e Reform\u00ebs Zgjedhore edhe ndryshimin e periudh\u00ebs zgjedhore. Q\u00ebllimi \u00ebsht\u00eb q\u00eb t\u00eb mos d\u00ebmtohet sezoni veror tursitik dhe procesi zgjedhor t\u00eb mos ndikojn\u00eb tek nj\u00ebri-tjetri.<\/p>\n<p>Me ligjin actual, procesi \u00ebsht\u00eb zhvilluar n\u00eb qershor dhe bashk\u00eb me periudh\u00ebn e num\u00ebrimit dhe ankimimit, procesi \u00ebsht\u00eb zgjatur deri n\u00eb korrik. Por, PS dhe p\u00ebrfaq\u00ebsuesit e opozit\u00ebs kan\u00eb depozituar afate t\u00eb ndryshme p\u00ebr periudh\u00ebn zgjedhore. Socialist\u00ebt sugjerojn\u00eb q\u00eb zgjedhjet p\u00ebr Kuvendin apo p\u00ebr bashkit\u00eb t\u00eb zhvillohen brenda periudh\u00ebs q\u00eb shtrihen nga 15 prilli deri n\u00eb 15 maj ose nga 1 tetori deri m\u00eb 31 tetor.Nd\u00ebrsa opozita ka hedhur n\u00eb tryez\u00eb periudh\u00ebn mes 15 prillit deri n\u00eb 31 maj ose 15 shtator deri n\u00eb 31 tetor.<\/p>\n<p>Burimet than\u00eb se pal\u00ebt politike kan\u00eb r\u00ebn\u00eb dakord p\u00ebr ndryshimin e periudh\u00ebs zgjedhore dhe ekspert\u00ebt po punojn\u00eb p\u00ebr t\u00eb b\u00ebr\u00eb propozimin final mes k\u00ebtyre limiteve kohore.<\/p>\n<p>K\u00ebt\u00eb jav\u00eb, n\u00eb tryez\u00ebn e Reform\u00ebs Zgjedhore, opozita pritet t\u00eb jap\u00eb t\u00eb gjitha propozimet e saj p\u00ebr reform\u00ebn me q\u00ebllim q\u00eb pal\u00ebt t\u00eb ken\u00eb afat p\u00ebr t\u00eb dakord\u00ebsuar t\u00eb gjitha \u00e7\u00ebshtjet deri n\u00eb 15 mars, kur edhe duhet t\u00eb finalizohet reforma.<\/p>","protected":false},"excerpt":{"rendered":"<p>Pal\u00ebt politike po diskutojn\u00eb n\u00eb tryez\u00ebn e Reform\u00ebs Zgjedhore edhe ndryshimin e periudh\u00ebs zgjedhore. Q\u00ebllimi \u00ebsht\u00eb q\u00eb t\u00eb mos d\u00ebmtohet sezoni veror tursitik dhe procesi zgjedhor t\u00eb mos ndikojn\u00eb tek nj\u00ebri-tjetri. Me ligjin actual, procesi \u00ebsht\u00eb zhvilluar n\u00eb qershor dhe bashk\u00eb me periudh\u00ebn e num\u00ebrimit dhe ankimimit, procesi \u00ebsht\u00eb zgjatur deri n\u00eb korrik. Por, PS [&hellip;]<\/p>\n","protected":false},"author":2013,"featured_media":122581,"comment_status":"open","ping_status":"closed","sticky":false,"template":"","format":"standard","meta":{"footnotes":""},"categories":[241,235],"tags":[],"class_list":{"0":"post-122580","1":"post","2":"type-post","3":"status-publish","4":"format-standard","5":"has-post-thumbnail","7":"category-aktualitet","8":"category-vendi"},"_links":{"self":[{"href":"https:\/\/zjarr.tv\/en\/wp-json\/wp\/v2\/posts\/122580","targetHints":{"allow":["GET"]}}],"collection":[{"href":"https:\/\/zjarr.tv\/en\/wp-json\/wp\/v2\/posts"}],"about":[{"href":"https:\/\/zjarr.tv\/en\/wp-json\/wp\/v2\/types\/post"}],"author":[{"embeddable":true,"href":"https:\/\/zjarr.tv\/en\/wp-json\/wp\/v2\/users\/2013"}],"replies":[{"embeddable":true,"href":"https:\/\/zjarr.tv\/en\/wp-json\/wp\/v2\/comments?post=122580"}],"version-history":[{"count":0,"href":"https:\/\/zjarr.tv\/en\/wp-json\/wp\/v2\/posts\/122580\/revisions"}],"wp:featuredmedia":[{"embeddable":true,"href":"https:\/\/zjarr.tv\/en\/wp-json\/wp\/v2\/media\/122581"}],"wp:attachment":[{"href":"https:\/\/zjarr.tv\/en\/wp-json\/wp\/v2\/media?parent=122580"}],"wp:term":[{"taxonomy":"category","embeddable":true,"href":"https:\/\/zjarr.tv\/en\/wp-json\/wp\/v2\/categories?post=122580"},{"taxonomy":"post_tag","embeddable":true,"href":"https:\/\/zjarr.tv\/en\/wp-json\/wp\/v2\/tags?post=122580"}],"curies":[{"name":"wp","href":"https:\/\/api.w.org\/{rel}","templated":true}]}}