{"id":122583,"date":"2020-02-23T15:42:38","date_gmt":"2020-02-23T14:42:38","guid":{"rendered":"https:\/\/zjarr.tv\/?p=122583"},"modified":"2020-02-23T15:42:38","modified_gmt":"2020-02-23T14:42:38","slug":"coronavirusi-reagon-ministria-e-shendetesise-kemi-marre-masa-ja-si-te-mbroheni","status":"publish","type":"post","link":"https:\/\/zjarr.tv\/en\/coronavirusi-reagon-ministria-e-shendetesise-kemi-marre-masa-ja-si-te-mbroheni\/","title":{"rendered":"Coronavirusi, reagon Ministria e Sh\u00ebndet\u00ebsis\u00eb: Kemi marr\u00eb masa, ja si t\u00eb mbroheni"},"content":{"rendered":"<p>Ministria e Sh\u00ebndet\u00ebsis\u00eb doli me nj\u00eb reagim zyrtar pasditen e t\u00eb diel\u00ebs n\u00eb lidhje me situat\u00ebn alarmante t\u00eb shp\u00ebrthimit t\u00eb Coronavirusit n\u00eb Itali. Sipas Ministris\u00eb s\u00eb Sh\u00ebndet\u00ebsis\u00eb, Shqip\u00ebria jan\u00eb marr\u00eb masat p\u00ebr \u00e7do situat\u00eb emergjente. N\u00eb t\u00eb gjitha pikat kufitare po ushtrohen kontrolle t\u00eb m\u00ebdha, nd\u00ebrsa \u00ebsht\u00eb dyfishuar dhe personeli sh\u00ebndet\u00ebsor.<\/p>\n<p>Ministria e Sh\u00ebndet\u00ebsis\u00eb: N\u00eb Ministrin\u00eb e Sh\u00ebndet\u00ebsis\u00eb dhe Mbrojtjes Sociale, \u00ebsht\u00eb mbledhur edhe gjat\u00eb dit\u00ebs s\u00eb sotme Task-Forca p\u00ebr koronavirusin. N\u00eb vijim t\u00eb masave t\u00eb p\u00ebrforcuara p\u00ebr kontrollin dhe mbrojtjen nga Koronavirusi COVID-19, jan\u00eb dyfishuar personelet n\u00eb Nj\u00ebsit\u00eb Sh\u00ebndet\u00ebsore n\u00eb pikat kufitare, aeroport, porte dhe pika kufitare tok\u00ebsore.<\/p>\n<p>P\u00ebrforcim i kontrolleve n\u00eb pikat kufitare, p\u00ebr \u00e7do udh\u00ebtar p\u00ebr \u00e7do udh\u00ebtar q\u00eb vjen nga harta gjeografike e vendeve me shp\u00ebrthime komunitare, e p\u00ebrcaktuar nga OBSH. Esht\u00eb b\u00ebr\u00eb shtimi i informacionit dhe rritja e vizibilitetit t\u00eb mesazheve n\u00eb pikat kufitare, p\u00ebr t\u00eb dh\u00ebn\u00eb m\u00eb shum\u00eb informacion p\u00ebr udh\u00ebtar\u00ebt mbi vet\u00ebdeklarimin n\u00eb strukturat sh\u00ebndet\u00ebsore, n\u00eb rast t\u00eb nj\u00eb shenje klinike apo kontaktit me raste t\u00eb konfirmuar me koronavirus n\u00eb k\u00ebto vende.<\/p>\n<div id=\"rekl-13\">\n<div id=\"__sap-ad-15\" class=\"__sap-ads __sap-html tracked\" data-title=\"Credins desktop Brenda lajmit 08\">Nd\u00ebrkoh\u00eb, Ministria e Sh\u00ebndet\u00ebsis\u00eb thekson se n\u00eb laboratorin e virologjis\u00eb, i certifikuar nga OBSH, n\u00eb Institutin e Sh\u00ebndetit Publik kryhen analizat p\u00ebr t\u00eb diagnostikuar konfirmimin e Coronavirusit.<\/div>\n<\/div>\n<div id=\"rekl-42\"><\/div>\n<p>Ministria e Sh\u00ebndet\u00ebis\u00eb:\u00a0Rritja e sasis\u00eb s\u00eb mjeteve t\u00eb mbrojtjes personale p\u00ebr t\u00eb gjitha hallkat e sh\u00ebrbimit, nga pikat kufitare, n\u00eb strukturat sh\u00ebndet\u00ebsore spitalore e deri n\u00eb nivel t\u00eb diagnoz\u00ebs laboratorike. N\u00eb Laboratorin e Virologjis\u00eb, i \u00e7ertifikuar nga OBSH, n\u00eb Institutin e Sh\u00ebndetit Publik tashm\u00eb kryhet diagnoza e plot\u00eb konfirmuese p\u00ebr koronavirusin COVID-19. ISHP ka t\u00eb gjitha kitet, t\u00eb gjith\u00eb reagent\u00ebt p\u00ebr t\u2019u kryer diagnoza e koronavirusit n\u00eb vend. Laboratori i ISHP pjes\u00eb e rrjetit t\u00eb laborator\u00ebve europian\u00eb, n\u00eb at\u00eb hap q\u00eb jan\u00eb gjith\u00eb vendet e tjera t\u00eb bot\u00ebs, dhe sidomos t\u00eb Europ\u00ebs.<\/p>\n<p>M\u00eb tej, Ministria e Sh\u00ebndet\u00ebsis\u00eb thot\u00eb se \u00ebsht\u00eb p\u00ebrcaktuar vendi i karantin\u00ebs n\u00eb Shqip\u00ebri, nd\u00ebrsa thekson se vazhdon t\u00eb jet\u00eb e p\u00ebrforcuar survejanca e infeksioneve respiratore.<\/p>\n<p>Ministria e Sh\u00ebndet\u00ebsis\u00eb:\u00a0Sipas Task-Forc\u00ebs masat e paracaktuar p\u00ebr vet\u00ebkarantinim t\u00eb personave q\u00eb vijn\u00eb nga vende me shp\u00ebrthime komunitare t\u00eb virusit duhet t\u00eb vijoj\u00eb. Tashm\u00eb \u00ebsht\u00eb p\u00ebrcaktuar vendi i karantin\u00ebs n\u00eb rast se do t\u00eb jet\u00eb e nevojshme, q\u00eb \u00ebsht\u00eb nj\u00eb struktur\u00eb spitalore, e vler\u00ebsuar edhe nga komiteti teknik, q\u00eb plot\u00ebson t\u00eb gjitha standardet e p\u00ebrcaktuara nga OBSH.<\/p>\n<p>Vazhdojm\u00eb t\u00eb kemi t\u00eb p\u00ebrforcuar survejanc\u00ebn e infeksioneve respiratore dhe specifikisht t\u00eb rasteve me v\u00ebshtir\u00ebsi respiratore\/sindrom\u00ebn e r\u00ebnd\u00eb respiratore akute, si dhe sistemin e lajm\u00ebrimit t\u00eb shpejt\u00eb n\u00eb nj\u00eb situat\u00eb sh\u00ebndet\u00ebsore jo t\u00eb zakonshme, kjo e fundit mb\u00ebshtetur dhe n\u00eb Rregulloren Nd\u00ebrkomb\u00ebtare t\u00eb Sh\u00ebndetit (2005,OBSH), me q\u00ebllim zbulimin dhe ndjekjen n\u00eb koh\u00eb t\u00eb rasteve t\u00eb dyshuara, izolimin dhe menaxhimin e tyre. Ekspert\u00ebt e shendetit publik apelojn\u00eb p\u00ebr mbrojtje nga COVID-19 n\u00ebp\u00ebrmjet ruajtjes s\u00eb higjen\u00ebs vetjake.<\/p>\n<p>Ministria e Sh\u00ebndet\u00ebsis\u00eb dhe Mbrojtjes Sociale dhe Task Forca p\u00ebr parandalimin e dep\u00ebrtimit dhe p\u00ebrhapjes s\u00eb koronavirusit t\u00eb ri rekomandon t\u00eb gjith\u00eb qytetar\u00ebt q\u00eb kan\u00eb udh\u00ebtuar nga vendet e prekura, t\u00eb telefonojn\u00eb n\u00eb numrin e Urgjenc\u00ebs Komb\u00ebtare 127 n\u00eb rast t\u00eb shfaqjes s\u00eb cdo shqet\u00ebsimi apo shenje klinike, pa u drejtuar menj\u00ebher\u00eb n\u00eb spital.<\/p>\n<p>N\u00eb fund, Ministria e Sh\u00ebndet\u00ebsis\u00eb tregon edhe m\u00ebnyr\u00ebn se si virusi p\u00ebrhapet dhe masat q\u00eb duhet t\u00eb merren nga qytetar\u00ebt p\u00ebr parandalimin e tij.<\/p>\n<p>Ministria e Sh\u00ebndet\u00ebsis\u00eb:\u00a0Gjat\u00eb shp\u00ebrthimeve t\u00eb m\u00ebparshme nga koronaviruset e tjer\u00eb (Sindroma Respiratore e Lindjes s\u00eb Mesme \u201cMERS\u201d dhe Sindroma Respiratore Akute e R\u00ebnd\u00eb \u201cSARS\u201d) transmetimi nga njeriu te njeriu ndodhi p\u00ebrmes sp\u00ebrklave t\u00eb p\u00ebrshtym\u00ebs, kontaktit t\u00eb drejtp\u00ebrdrejt\u00eb human (fizik), apo kontaktit indirekt (n\u00ebp\u00ebrmjet sip\u00ebrfaqeve \/ objekteve t\u00eb kontaminuara). K\u00ebto fakte sugjerojn\u00eb q\u00eb m\u00ebnyra e transmetimit t\u00eb COVID \u2013 2019 mund t\u00eb jet\u00eb e ngjashme. Parimet themelore p\u00ebr t\u00eb zvog\u00ebluar rrezikun e p\u00ebrgjithsh\u00ebm t\u00eb transmetimit t\u00eb infeksioneve akute t\u00eb frym\u00ebmarrjes p\u00ebrfshijn\u00eb masat e m\u00ebposhtme:<\/p>\n<p>Shmangia e kontaktit t\u00eb ngusht\u00eb me njer\u00ebzit q\u00eb vuajn\u00eb nga infeksione akute t\u00eb rrug\u00ebve t\u00eb frym\u00ebmarrjes.<\/p>\n<p>Larja e shpesht\u00eb e duarve, ve\u00e7an\u00ebrisht pas kontaktit t\u00eb drejtp\u00ebrdrejt\u00eb me njer\u00ebzit e s\u00ebmur\u00eb ose mjedisin e tyre.<\/p>\n<p>Shmangia e kontaktit t\u00eb pambrojtur me kafsh\u00ebt (qofshin ato sht\u00ebpiake apo t\u00eb egra).<\/p>\n<p>Personat me simptoma t\u00eb infeksioneve akute t\u00eb rrug\u00ebve t\u00eb frym\u00ebmarrjes duhet t\u00eb praktikojn\u00eb higjien\u00ebn respiratore t\u00eb lidhur me koll\u00ebn (ruajtja e distanc\u00ebs, mbulimi me shami \/ let\u00ebr ose rroba kur teshtijn\u00eb apo kolliten, larjen e duarve).<\/p>\n<p>Brenda mjediseve t\u00eb kujdesit sh\u00ebndet\u00ebsor, forconi praktikat standard t\u00eb parandalimit t\u00eb infeksionit dhe kontrollit n\u00eb spitale, ve\u00e7an\u00ebrisht n\u00eb sh\u00ebrbimet e urgjenc\u00ebs.<\/p>\n<p>N\u00eb rast t\u00eb simptomave t\u00eb lidhura me infeksionet respiratore qoft\u00eb gjat\u00eb udh\u00ebtimit, ashtu edhe pas tij, udh\u00ebtar\u00ebt inkurajohen t\u00eb k\u00ebrkojn\u00eb kujdes mjek\u00ebsor dhe t\u00eb ndajn\u00eb historin\u00eb e tyre t\u00eb udh\u00ebtimit me personelin sh\u00ebndet\u00ebsor.<\/p>","protected":false},"excerpt":{"rendered":"<p>Ministria e Sh\u00ebndet\u00ebsis\u00eb doli me nj\u00eb reagim zyrtar pasditen e t\u00eb diel\u00ebs n\u00eb lidhje me situat\u00ebn alarmante t\u00eb shp\u00ebrthimit t\u00eb Coronavirusit n\u00eb Itali. Sipas Ministris\u00eb s\u00eb Sh\u00ebndet\u00ebsis\u00eb, Shqip\u00ebria jan\u00eb marr\u00eb masat p\u00ebr \u00e7do situat\u00eb emergjente. N\u00eb t\u00eb gjitha pikat kufitare po ushtrohen kontrolle t\u00eb m\u00ebdha, nd\u00ebrsa \u00ebsht\u00eb dyfishuar dhe personeli sh\u00ebndet\u00ebsor. Ministria e Sh\u00ebndet\u00ebsis\u00eb: N\u00eb [&hellip;]<\/p>\n","protected":false},"author":2013,"featured_media":122584,"comment_status":"open","ping_status":"closed","sticky":false,"template":"","format":"standard","meta":{"footnotes":""},"categories":[241,235],"tags":[],"class_list":{"0":"post-122583","1":"post","2":"type-post","3":"status-publish","4":"format-standard","5":"has-post-thumbnail","7":"category-aktualitet","8":"category-vendi"},"_links":{"self":[{"href":"https:\/\/zjarr.tv\/en\/wp-json\/wp\/v2\/posts\/122583","targetHints":{"allow":["GET"]}}],"collection":[{"href":"https:\/\/zjarr.tv\/en\/wp-json\/wp\/v2\/posts"}],"about":[{"href":"https:\/\/zjarr.tv\/en\/wp-json\/wp\/v2\/types\/post"}],"author":[{"embeddable":true,"href":"https:\/\/zjarr.tv\/en\/wp-json\/wp\/v2\/users\/2013"}],"replies":[{"embeddable":true,"href":"https:\/\/zjarr.tv\/en\/wp-json\/wp\/v2\/comments?post=122583"}],"version-history":[{"count":0,"href":"https:\/\/zjarr.tv\/en\/wp-json\/wp\/v2\/posts\/122583\/revisions"}],"wp:featuredmedia":[{"embeddable":true,"href":"https:\/\/zjarr.tv\/en\/wp-json\/wp\/v2\/media\/122584"}],"wp:attachment":[{"href":"https:\/\/zjarr.tv\/en\/wp-json\/wp\/v2\/media?parent=122583"}],"wp:term":[{"taxonomy":"category","embeddable":true,"href":"https:\/\/zjarr.tv\/en\/wp-json\/wp\/v2\/categories?post=122583"},{"taxonomy":"post_tag","embeddable":true,"href":"https:\/\/zjarr.tv\/en\/wp-json\/wp\/v2\/tags?post=122583"}],"curies":[{"name":"wp","href":"https:\/\/api.w.org\/{rel}","templated":true}]}}