{"id":122591,"date":"2020-02-24T11:22:55","date_gmt":"2020-02-24T10:22:55","guid":{"rendered":"https:\/\/zjarr.tv\/?p=122591"},"modified":"2020-02-24T11:22:55","modified_gmt":"2020-02-24T10:22:55","slug":"mbylli-dyert-per-koronavirusin-mas-i-heq-licencen-udhes-se-shkronjave-reagon-shkolla-po-na-shijon-mesimi-online","status":"publish","type":"post","link":"https:\/\/zjarr.tv\/en\/mbylli-dyert-per-koronavirusin-mas-i-heq-licencen-udhes-se-shkronjave-reagon-shkolla-po-na-shijon-mesimi-online\/","title":{"rendered":"Mbylli dyert p\u00ebr koronavirusin, MAS i heq licenc\u00ebn &#8220;Udh\u00ebs s\u00eb Shkronjave&#8221;. Reagon shkolla: Po na shijon m\u00ebsimi online"},"content":{"rendered":"<p>I hiqet licenca shkoll\u00ebs private \u201cUdha e Shkronjave\u201d. Vendimi \u00ebsht\u00eb p\u00ebrcjell\u00eb nga ministrja e Arsimit, Besa Shahini p\u00ebrmes nj\u00eb statusi n\u00eb facebook.<\/p>\n<p>Shkak u b\u00eb urdhri i drejtuesve t\u00eb k\u00ebsaj shkolle p\u00ebr t\u00eb mbyllur k\u00ebt\u00eb institucion me dy jav\u00eb me pretendimin p\u00ebr parandalimin e nj\u00eb situate virale t\u00eb koronavirusit.<\/p>\n<p>Shahini thot\u00eb se drejtuesit e shkoll\u00ebs duhet t\u00eb ndiqen penalisht.<\/p>\n<p><em>&#8216;Shkolla mbyllet jasht\u00eb planit t\u00eb vitit shkollor VET\u00cbM me urdh\u00ebr ministri. Udh\u00ebheq\u00ebsit e nj\u00eb shkolle private kishin vendosur t\u00eb mos respektonin k\u00ebt\u00eb dhe e kan\u00eb mbyllur shkoll\u00ebn p\u00ebr 2 jav\u00eb. N\u00eb kushte t\u00eb k\u00ebsaj paligjshm\u00ebrie, jemi t\u00eb detyruar q\u00eb shkoll\u00ebs t\u2019ia heqim licenc\u00ebn.\u00a0<\/em><em>Nx\u00ebn\u00ebsit do t\u00eb transferohen n\u00eb nj\u00eb shkoll\u00eb tjet\u00ebr. Nd\u00ebrsa udh\u00ebheq\u00ebsit e shkoll\u00ebs q\u00eb p\u00ebrhapin panik duke mbyllur shkoll\u00ebn n\u00eb m\u00ebnyr\u00eb t\u00eb jasht\u00ebligjshme, p\u00ebr gjoja parandalim t\u00eb nj\u00eb situate virale e cila NUK ekziston n\u00eb Shqip\u00ebri, duhet t\u00eb ndiqen nga organet e drejt\u00ebsis\u00eb&#8221; \u00a0<\/em>shkruan Shahini ne nje status ne facebook.<\/p>","protected":false},"excerpt":{"rendered":"<p>I hiqet licenca shkoll\u00ebs private \u201cUdha e Shkronjave\u201d. Vendimi \u00ebsht\u00eb p\u00ebrcjell\u00eb nga ministrja e Arsimit, Besa Shahini p\u00ebrmes nj\u00eb statusi n\u00eb facebook. Shkak u b\u00eb urdhri i drejtuesve t\u00eb k\u00ebsaj shkolle p\u00ebr t\u00eb mbyllur k\u00ebt\u00eb institucion me dy jav\u00eb me pretendimin p\u00ebr parandalimin e nj\u00eb situate virale t\u00eb koronavirusit. Shahini thot\u00eb se drejtuesit e shkoll\u00ebs [&hellip;]<\/p>\n","protected":false},"author":2013,"featured_media":66623,"comment_status":"open","ping_status":"closed","sticky":false,"template":"","format":"standard","meta":{"footnotes":""},"categories":[241,235],"tags":[],"class_list":{"0":"post-122591","1":"post","2":"type-post","3":"status-publish","4":"format-standard","5":"has-post-thumbnail","7":"category-aktualitet","8":"category-vendi"},"_links":{"self":[{"href":"https:\/\/zjarr.tv\/en\/wp-json\/wp\/v2\/posts\/122591","targetHints":{"allow":["GET"]}}],"collection":[{"href":"https:\/\/zjarr.tv\/en\/wp-json\/wp\/v2\/posts"}],"about":[{"href":"https:\/\/zjarr.tv\/en\/wp-json\/wp\/v2\/types\/post"}],"author":[{"embeddable":true,"href":"https:\/\/zjarr.tv\/en\/wp-json\/wp\/v2\/users\/2013"}],"replies":[{"embeddable":true,"href":"https:\/\/zjarr.tv\/en\/wp-json\/wp\/v2\/comments?post=122591"}],"version-history":[{"count":0,"href":"https:\/\/zjarr.tv\/en\/wp-json\/wp\/v2\/posts\/122591\/revisions"}],"wp:featuredmedia":[{"embeddable":true,"href":"https:\/\/zjarr.tv\/en\/wp-json\/wp\/v2\/media\/66623"}],"wp:attachment":[{"href":"https:\/\/zjarr.tv\/en\/wp-json\/wp\/v2\/media?parent=122591"}],"wp:term":[{"taxonomy":"category","embeddable":true,"href":"https:\/\/zjarr.tv\/en\/wp-json\/wp\/v2\/categories?post=122591"},{"taxonomy":"post_tag","embeddable":true,"href":"https:\/\/zjarr.tv\/en\/wp-json\/wp\/v2\/tags?post=122591"}],"curies":[{"name":"wp","href":"https:\/\/api.w.org\/{rel}","templated":true}]}}