{"id":122593,"date":"2020-02-24T11:24:49","date_gmt":"2020-02-24T10:24:49","guid":{"rendered":"https:\/\/zjarr.tv\/?p=122593"},"modified":"2020-02-24T11:24:49","modified_gmt":"2020-02-24T10:24:49","slug":"koronavirusi-manastirliu-6-raste-te-dyshuara-dolen-negativ-jemi-ne-gatishmeri","status":"publish","type":"post","link":"https:\/\/zjarr.tv\/en\/koronavirusi-manastirliu-6-raste-te-dyshuara-dolen-negativ-jemi-ne-gatishmeri\/","title":{"rendered":"Koronavirusi, Manastirliu: 6 raste t\u00eb dyshuara dol\u00ebn negativ. Jemi n\u00eb gatishm\u00ebri"},"content":{"rendered":"<p>Task Forca e Ministris\u00eb s\u00eb Sh\u00ebndet\u00ebsis\u00eb u mblodh t\u00eb h\u00ebn\u00ebn paradite n\u00eb Aeroportin \u201cN\u00ebn\u00eb Tereza\u201d n\u00eb Rinas, n\u00eb lidhje me masat e marra p\u00ebr parandalimin e koronavirusit. gjat\u00eb fjal\u00ebs s\u00eb saj, Ministrja e Sh\u00ebndet\u00ebsis\u00eb Ogerta Manastirliu u shpreh fillimisht se n\u00eb k\u00ebt\u00eb situat\u00eb k\u00ebrkohet p\u00ebrgjejshm\u00ebri dhe racionalitet, duke mos i l\u00ebn\u00eb vend panikut. Ajo tha se Shqip\u00ebria \u00ebsht\u00eb e p\u00ebrgatitur n\u00eb t\u00eb gjitha kapacitetet e saj p\u00ebr t\u00eb p\u00ebrballuar situat\u00ebn, pasi sipas Manastirliut, n\u00eb vend ka ekspert\u00eb n\u00eb t\u00eb gjitha fushat e sh\u00ebndetit publik.<\/p>\n<p><strong>Ogerta Manastiruliu:<\/strong>\u00a0<em>P\u00ebrballja me nj\u00eb virus t\u00eb till\u00eb na b\u00ebn t\u00eb jemi t\u00eb p\u00ebrgjegjsh\u00ebm dhe t\u00eb ecim me transparenc\u00eb p\u00ebr t\u00eb gjitha masat q\u00eb kemi marr\u00eb. Komunikimin me publikun e kemi thelb\u00ebsor p\u00ebr t\u00eb shmangur \u00e7do dezinformim. \u00cbsht\u00eb koha t\u00eb bazohemi n\u00eb fakte dhe t\u00eb mos p\u00ebrhapim panik. Kemi ekspert\u00ebt m\u00eb t\u00eb mir\u00eb t\u00eb ISHP, t\u00eb kujdesti sh\u00ebndet\u00ebsor, q\u00eb po ndjekin hap pas hapi planin e veprimit t\u00eb miratuar nga taskforca. Dua k\u00ebtu t`ju ftoj si media p\u00ebr t`iu patur bashk\u00ebpun\u00ebtor n\u00eb nj\u00eb situat\u00eb ku nuk k\u00ebrkon panik por k\u00ebrkon p\u00ebrgjegj\u00ebsi, transparenc\u00eb dhe racionalitet.<\/em><\/p>\n<p>M\u00eb tej, Manastirliu tha se t\u00eb gjitha strukturat sh\u00ebndet\u00ebsore jan\u00eb n\u00eb gatishm\u00ebri. Ajo theksoi se n\u00eb Shqip\u00ebri deri n\u00eb tani nuk \u00ebsht\u00eb evidentuar asnj\u00eb rast me koronavirus. Sipas Manastirliut, 6 raste t\u00eb dyshuara n\u00eb vend, pas analizave nga Instituti i Sh\u00ebndetit Publik, rezultuan negativ. Ajo tha se n\u00eb t\u00eb gjitha pikat kufitare jan\u00eb shtuar masat dhe kontrollet, ku vet\u00ebm gjat\u00eb dit\u00ebs s\u00eb diel jan\u00eb kontrolluar mbi 4500 udh\u00ebtar\u00eb.<\/p>\n<p><strong>Ogerta Manastirliu:<\/strong>\u00a0<em>T\u00eb gjitha strukturat e shtetit jan\u00eb n\u00eb gatishm\u00ebri p\u00ebr tu p\u00ebrgjigjur p\u00ebr pun\u00ebn q\u00eb ne po b\u00ebjm\u00eb. \u00cbsht\u00eb normale t\u00eb kesh shqet\u00ebsim n\u00eb k\u00ebt\u00eb situat\u00eb, por paniku nuk duhet t\u00eb na z\u00ebr\u00eb arsyen. Ne do t\u00eb jemi t\u00eb hapur, un\u00eb personalisht jam transparente p\u00ebr ta administruar k\u00ebt\u00eb ngjarje si\u00e7 kemi p\u00ebrballuar situata t\u00eb tjera. Kemi treguar jo vet\u00ebm p\u00ebrgjegj\u00ebsi por dhe profesionaliz\u00ebm. Shqip\u00ebria deri m\u00eb tani nuk ka asnj\u00eb rast me koronavirus. Ju kemi informuar p\u00ebr rastet, ku 6 raste t\u00eb analizuar nga ISHP kan\u00eb rezultuar negative. Q\u00eb nga momenti q\u00eb ka patur nj\u00eb transmetim komunitar n\u00eb Itali, ne kemi dyfishuar masat n\u00eb pikat e kalimit kufitar. Vet\u00ebm dje duke shtuar ekipet tona mjek\u00ebsore kemi monitoruar m\u00eb shum\u00eb se 4500 udh\u00ebtar\u00eb q\u00eb kan\u00eb ardhur nga vendet q\u00eb kan\u00eb transmetim komunitar. Vler\u00ebsimi \u00ebsht\u00eb b\u00ebr\u00eb sipas udh\u00ebzuesve t\u00eb OBSH, q\u00eb tashm\u00eb jan\u00eb kthyer n\u00eb protokolle komb\u00ebtare t\u00eb pun\u00ebs ton\u00eb. Jemi duke ndjekur hap pas hapi situat\u00ebn dhe masat jan\u00eb marr\u00eb n\u00eb var\u00ebsi t\u00eb riskut. Ne kemi qen\u00eb aktiv, t\u00eb p\u00ebrgjegjsh\u00ebm p\u00ebr t\u00eb nd\u00ebrmarr\u00eb t\u00eb gjitha masat n\u00eb mbrojtje t\u00eb sh\u00ebndetit t\u00eb popullat\u00ebs. Masat t\u00eb cilat ne kemi shtuar kan\u00eb t\u00eb b\u00ebjn\u00eb direkt me dyfishimin e inspektor\u00ebve n\u00eb pikat e kalimit kufitar.\u00a0<\/em><\/p>\n<p>Duke mbetur te masat e marra, Manastirliu shtoi se n\u00eb t\u00eb gjitha pikat kufitare \u00ebsht\u00eb dyfishuar personeli mjek\u00ebsor. Ajo theksoi se po trajnohet personeli mjek\u00ebsor n\u00eb qendrat e kujdesit par\u00ebsor sh\u00ebndet\u00ebsor, nd\u00ebrsa tha se ka firmosur urdhrin p\u00ebr shtimin e kontrolleve hijeno-sanitare n\u00eb sistemin arsimor.<\/p>\n<p><strong>Ogerta Manastirliu:<\/strong>\u00a0<em>Po b\u00ebhet nj\u00eb vler\u00ebsim i imt\u00ebsish\u00ebm i t\u00eb gjith\u00eb udh\u00ebtar\u00ebve n\u00eb raport me vendin nga vijn\u00eb. Po vijon gjith\u00eb trajnimi kaskad n\u00eb t\u00eb gjitha strukturat e kujdesit par\u00ebsor sh\u00ebndet\u00ebsor me informacionet q\u00eb duhet t\u00eb dijn\u00eb personeli jon\u00eb mjek\u00ebsor. Jo vet\u00ebm q\u00eb po vijojm\u00eb forcimin e kapaciteteve tona mjek\u00ebsore, por punojm\u00eb dhe me t\u00eb gjitha strukturat e tjera. Un\u00eb kam firmosur urdhrin p\u00ebr masat e shtuara hijeno-sanitare n\u00eb shkolla, \u00e7erdhe apo kopshte. Dua t\u00eb them pika e par\u00eb e shp\u00ebtimit \u00ebsht\u00eb t\u00eb d\u00ebgjuarit e ekspert\u00ebve t\u00eb fush\u00ebs. Sa m\u00eb shum\u00eb t\u00eb d\u00ebgjojm\u00eb ekspert\u00ebt dhe strukturat n\u00eb lidhje me koronavirusin e ri, aq m\u00eb shum\u00eb b\u00ebhemi t\u00eb vet\u00ebdijsh\u00ebm se nuk ka vend p\u00ebr panik dhe p\u00ebrgjegj\u00ebsi.<\/em><\/p>","protected":false},"excerpt":{"rendered":"<p>Task Forca e Ministris\u00eb s\u00eb Sh\u00ebndet\u00ebsis\u00eb u mblodh t\u00eb h\u00ebn\u00ebn paradite n\u00eb Aeroportin \u201cN\u00ebn\u00eb Tereza\u201d n\u00eb Rinas, n\u00eb lidhje me masat e marra p\u00ebr parandalimin e koronavirusit. gjat\u00eb fjal\u00ebs s\u00eb saj, Ministrja e Sh\u00ebndet\u00ebsis\u00eb Ogerta Manastirliu u shpreh fillimisht se n\u00eb k\u00ebt\u00eb situat\u00eb k\u00ebrkohet p\u00ebrgjejshm\u00ebri dhe racionalitet, duke mos i l\u00ebn\u00eb vend panikut. Ajo tha [&hellip;]<\/p>\n","protected":false},"author":2013,"featured_media":58960,"comment_status":"open","ping_status":"closed","sticky":false,"template":"","format":"standard","meta":{"footnotes":""},"categories":[241,235],"tags":[],"class_list":{"0":"post-122593","1":"post","2":"type-post","3":"status-publish","4":"format-standard","5":"has-post-thumbnail","7":"category-aktualitet","8":"category-vendi"},"_links":{"self":[{"href":"https:\/\/zjarr.tv\/en\/wp-json\/wp\/v2\/posts\/122593","targetHints":{"allow":["GET"]}}],"collection":[{"href":"https:\/\/zjarr.tv\/en\/wp-json\/wp\/v2\/posts"}],"about":[{"href":"https:\/\/zjarr.tv\/en\/wp-json\/wp\/v2\/types\/post"}],"author":[{"embeddable":true,"href":"https:\/\/zjarr.tv\/en\/wp-json\/wp\/v2\/users\/2013"}],"replies":[{"embeddable":true,"href":"https:\/\/zjarr.tv\/en\/wp-json\/wp\/v2\/comments?post=122593"}],"version-history":[{"count":0,"href":"https:\/\/zjarr.tv\/en\/wp-json\/wp\/v2\/posts\/122593\/revisions"}],"wp:featuredmedia":[{"embeddable":true,"href":"https:\/\/zjarr.tv\/en\/wp-json\/wp\/v2\/media\/58960"}],"wp:attachment":[{"href":"https:\/\/zjarr.tv\/en\/wp-json\/wp\/v2\/media?parent=122593"}],"wp:term":[{"taxonomy":"category","embeddable":true,"href":"https:\/\/zjarr.tv\/en\/wp-json\/wp\/v2\/categories?post=122593"},{"taxonomy":"post_tag","embeddable":true,"href":"https:\/\/zjarr.tv\/en\/wp-json\/wp\/v2\/tags?post=122593"}],"curies":[{"name":"wp","href":"https:\/\/api.w.org\/{rel}","templated":true}]}}