{"id":122605,"date":"2020-02-24T11:33:16","date_gmt":"2020-02-24T10:33:16","guid":{"rendered":"https:\/\/zjarr.tv\/?p=122605"},"modified":"2020-02-24T11:33:16","modified_gmt":"2020-02-24T10:33:16","slug":"heqja-e-licences-se-shkolles-metode-fashiste-per-frike-dhe-terror","status":"publish","type":"post","link":"https:\/\/zjarr.tv\/en\/heqja-e-licences-se-shkolles-metode-fashiste-per-frike-dhe-terror\/","title":{"rendered":"Heqja e licenc\u00ebs s\u00eb shkoll\u00ebs, metod\u00eb fashiste p\u00ebr frik\u00eb dhe terror!"},"content":{"rendered":"<p><strong>Nga Bujar Nishani.<\/strong><\/p>\n<p>Qeveria e rilindsve t\u00eb Bllokut stalinist njofton se i paska hequr li\u00e7enc\u00ebn nj\u00eb shkolle private pasi drejtuesit e saj kan\u00eb mbyllur shkoll\u00ebn p\u00ebr dy jav\u00eb si mas\u00eb parandaluese ndaj \u201ccoronavirus\u201d.<\/p>\n<p>Kultura dhe metodat fashiste po p\u00ebrhapen me shpejt\u00ebsi dhe \u00e7do dit\u00eb n\u00eb Shqip\u00ebri!<\/p>\n<p>Nuk e njoh fare aktivitetin dhe stafin e k\u00ebsaj shkolle. As se \u00e7far\u00eb niveli arsimimi ajo ofron p\u00ebr f\u00ebmij\u00ebt e shqiptar\u00ebve.<\/p>\n<p>Natyrisht n\u00eb \u00e7do rast t\u00eb shkeljes s\u00eb kritereve t\u00eb licensimit, standardit dhe cil\u00ebsis\u00eb s\u00eb m\u00ebsimit, dhunimit t\u00eb t\u00eb drejtave t\u00eb student\u00ebve t\u00eb saj apo deformimit t\u00eb kurikul\u00ebs, \u00ebsht\u00eb krejt normale dhe e ligj\u00ebshme pezullimi i licens\u00ebs dhe sqarimi i situat\u00ebs. Por t\u00eb ushtrosh terror p\u00ebr shkak t\u00eb masave t\u00eb logjik\u00ebs dhe mendimit p\u00ebr nj\u00eb situat\u00eb t\u00eb caktuar rreziku t\u00eb mundsh\u00ebm ndaj sh\u00ebndetit kjo \u00ebsht\u00eb sjellje tipike fashiste.<\/p>\n<p>Synimi i rilindsve stalinist\u00eb shqiptar\u00eb synon mbjelljen e frik\u00ebs dhe terrorit tek \u00e7do njeri q\u00eb guxon t\u00eb ket\u00eb mendim tjet\u00ebr nga ai i bandit\u00ebve fashist\u00eb n\u00eb qeverisje.<\/p>\n<p>Nes\u00ebr \u00e7do fashist i sot\u00ebm dhe akt fashistoid do gjykohet rrept\u00ebsisht para ligjit. Por sot kultura dhe modeli fashist q\u00eb po mundohet t\u00eb nd\u00ebrtohet nd\u00ebr ne k\u00ebrkon urgjentisht grushtin m\u00eb t\u00eb fort\u00eb q\u00eb meriton. \u00c7do dit\u00eb q\u00eb kalon p\u00ebrkeq\u00ebson!<\/p>","protected":false},"excerpt":{"rendered":"<p>Nga Bujar Nishani. Qeveria e rilindsve t\u00eb Bllokut stalinist njofton se i paska hequr li\u00e7enc\u00ebn nj\u00eb shkolle private pasi drejtuesit e saj kan\u00eb mbyllur shkoll\u00ebn p\u00ebr dy jav\u00eb si mas\u00eb parandaluese ndaj \u201ccoronavirus\u201d. Kultura dhe metodat fashiste po p\u00ebrhapen me shpejt\u00ebsi dhe \u00e7do dit\u00eb n\u00eb Shqip\u00ebri! Nuk e njoh fare aktivitetin dhe stafin e k\u00ebsaj [&hellip;]<\/p>\n","protected":false},"author":2013,"featured_media":69318,"comment_status":"open","ping_status":"closed","sticky":false,"template":"","format":"standard","meta":{"footnotes":""},"categories":[241,235],"tags":[],"class_list":{"0":"post-122605","1":"post","2":"type-post","3":"status-publish","4":"format-standard","5":"has-post-thumbnail","7":"category-aktualitet","8":"category-vendi"},"_links":{"self":[{"href":"https:\/\/zjarr.tv\/en\/wp-json\/wp\/v2\/posts\/122605","targetHints":{"allow":["GET"]}}],"collection":[{"href":"https:\/\/zjarr.tv\/en\/wp-json\/wp\/v2\/posts"}],"about":[{"href":"https:\/\/zjarr.tv\/en\/wp-json\/wp\/v2\/types\/post"}],"author":[{"embeddable":true,"href":"https:\/\/zjarr.tv\/en\/wp-json\/wp\/v2\/users\/2013"}],"replies":[{"embeddable":true,"href":"https:\/\/zjarr.tv\/en\/wp-json\/wp\/v2\/comments?post=122605"}],"version-history":[{"count":0,"href":"https:\/\/zjarr.tv\/en\/wp-json\/wp\/v2\/posts\/122605\/revisions"}],"wp:featuredmedia":[{"embeddable":true,"href":"https:\/\/zjarr.tv\/en\/wp-json\/wp\/v2\/media\/69318"}],"wp:attachment":[{"href":"https:\/\/zjarr.tv\/en\/wp-json\/wp\/v2\/media?parent=122605"}],"wp:term":[{"taxonomy":"category","embeddable":true,"href":"https:\/\/zjarr.tv\/en\/wp-json\/wp\/v2\/categories?post=122605"},{"taxonomy":"post_tag","embeddable":true,"href":"https:\/\/zjarr.tv\/en\/wp-json\/wp\/v2\/tags?post=122605"}],"curies":[{"name":"wp","href":"https:\/\/api.w.org\/{rel}","templated":true}]}}