{"id":122607,"date":"2020-02-24T12:37:25","date_gmt":"2020-02-24T11:37:25","guid":{"rendered":"https:\/\/zjarr.tv\/?p=122607"},"modified":"2020-02-24T12:37:25","modified_gmt":"2020-02-24T11:37:25","slug":"presidenti-do-ta-depozitoje-personalisht-ne-spak-kallezimin-ndaj-gjonajt","status":"publish","type":"post","link":"https:\/\/zjarr.tv\/en\/presidenti-do-ta-depozitoje-personalisht-ne-spak-kallezimin-ndaj-gjonajt\/","title":{"rendered":"Presidenti do ta depozitoj\u00eb personalisht n\u00eb SPAK, kall\u00ebzimin ndaj Gjonajt"},"content":{"rendered":"<p>\u201cPresidenti i Republik\u00ebs Sh.T.Z Ilir Meta do t\u00eb depozitoj\u00eb sot personalisht n\u00eb ora 13:00, n\u00eb Prokurorin\u00eb e Posa\u00e7me SPAK, kall\u00ebzimin penal p\u00ebr Ministren n\u00eb detyr\u00eb t\u00eb Drejt\u00ebsis\u00eb, Etilda Gjonaj dhe funksionar\u00eb t\u00eb tjer\u00eb t\u00eb lart\u00eb t\u00eb p\u00ebrfshir\u00eb n\u00eb veprimtari t\u00eb r\u00ebnd\u00eb kriminale, n\u00eb funksion t\u00eb grushtit t\u00eb shtetit.\u201d<\/p>\n<p>K\u00ebshtu njoftoi para pak minutash, z\u00ebdh\u00ebn\u00ebsi i Presidenc\u00ebs, Tedi Blushi. N\u00eb njoftim bie n\u00eb sy fakti se Ministrja e Drejt\u00ebsis\u00eb cil\u00ebsohet \u201cn\u00eb detyr\u00eb\u201d, pas thirrjes publike nga Presidenti Ilir Meta q\u00eb ajo duhej t\u00eb shkarkohej p\u00ebr falsifikim.<\/p>\n<p>Kjo \u00ebsht\u00eb hera e dyt\u00eb q\u00eb Meta paraqitet vet\u00eb tek organet e drejt\u00ebsis\u00eb. N\u00eb n\u00ebntor t\u00eb vitit\u00a0\u00a02019, ai ngriti padi ndaj Ardian Dvoranit, kreut t\u00eb KED-s p\u00ebr shp\u00ebrdorim detyre lidhur me procesin e p\u00ebrzgjedhjes s\u00eb an\u00ebtar\u00ebve t\u00eb Gjykat\u00ebs Kushtetuese.<\/p>\n<p>Kurse k\u00ebt\u00eb radh\u00eb,\u00a0Meta denoncoi &#8220;veprat e r\u00ebnda penale t\u00eb shp\u00ebrdorimit t\u00eb detyr\u00ebs, t\u00eb ushtrimit t\u00eb ndikimit t\u00eb paligjsh\u00ebm dhe falsifikimit flagrant t\u00eb kryera nga institucioni i ministrit t\u00eb Drejt\u00ebsis\u00eb, n\u00eb lidhje me botimin e paligjsh\u00ebm dhe kriminal n\u00eb fletoren zyrtare t\u00eb nj\u00eb vendimi t\u00eb nj\u00eb organi t\u00eb pavarur si\u00e7 duhet t\u00eb jet\u00eb K\u00ebshilli i Em\u00ebrimit n\u00eb Drejt\u00ebsi.&#8221;<\/p>\n<p>Sipas Met\u00ebs,\u00a0\u201cn\u00eb k\u00ebt\u00eb tentativ\u00eb flagrante p\u00ebr grusht shteti, bazuar mbi provat e b\u00ebra publike, t\u00eb cilat\u00a0 do t\u2019i dor\u00ebzohen SPAK, rezulton se \u00ebsht\u00eb p\u00ebrfshir\u00eb drejtp\u00ebrdrejt\u00eb Ministrja e Drejt\u00ebsis\u00eb, Etilda Gjonaj, por dhe funksionar\u00eb t\u00eb lart\u00eb t\u00eb k\u00ebtij institucioni, n\u00eb var\u00ebsi t\u00eb saj, p\u00ebr llogari t\u00eb skenarit mafioz t\u00eb kapjes s\u00eb Gjykat\u00ebs Kushtetuese, duke p\u00ebrvet\u00ebsuar n\u00eb m\u00ebnyr\u00eb mafioze, nj\u00eb kompetenc\u00eb dhe pushtet q\u00eb Kushtetuta ia jep Presidentit t\u00eb Republik\u00ebs\u201d.<\/p>","protected":false},"excerpt":{"rendered":"<p>\u201cPresidenti i Republik\u00ebs Sh.T.Z Ilir Meta do t\u00eb depozitoj\u00eb sot personalisht n\u00eb ora 13:00, n\u00eb Prokurorin\u00eb e Posa\u00e7me SPAK, kall\u00ebzimin penal p\u00ebr Ministren n\u00eb detyr\u00eb t\u00eb Drejt\u00ebsis\u00eb, Etilda Gjonaj dhe funksionar\u00eb t\u00eb tjer\u00eb t\u00eb lart\u00eb t\u00eb p\u00ebrfshir\u00eb n\u00eb veprimtari t\u00eb r\u00ebnd\u00eb kriminale, n\u00eb funksion t\u00eb grushtit t\u00eb shtetit.\u201d K\u00ebshtu njoftoi para pak minutash, z\u00ebdh\u00ebn\u00ebsi i [&hellip;]<\/p>\n","protected":false},"author":2013,"featured_media":85288,"comment_status":"open","ping_status":"closed","sticky":false,"template":"","format":"standard","meta":{"footnotes":""},"categories":[241,235],"tags":[],"class_list":{"0":"post-122607","1":"post","2":"type-post","3":"status-publish","4":"format-standard","5":"has-post-thumbnail","7":"category-aktualitet","8":"category-vendi"},"_links":{"self":[{"href":"https:\/\/zjarr.tv\/en\/wp-json\/wp\/v2\/posts\/122607","targetHints":{"allow":["GET"]}}],"collection":[{"href":"https:\/\/zjarr.tv\/en\/wp-json\/wp\/v2\/posts"}],"about":[{"href":"https:\/\/zjarr.tv\/en\/wp-json\/wp\/v2\/types\/post"}],"author":[{"embeddable":true,"href":"https:\/\/zjarr.tv\/en\/wp-json\/wp\/v2\/users\/2013"}],"replies":[{"embeddable":true,"href":"https:\/\/zjarr.tv\/en\/wp-json\/wp\/v2\/comments?post=122607"}],"version-history":[{"count":0,"href":"https:\/\/zjarr.tv\/en\/wp-json\/wp\/v2\/posts\/122607\/revisions"}],"wp:featuredmedia":[{"embeddable":true,"href":"https:\/\/zjarr.tv\/en\/wp-json\/wp\/v2\/media\/85288"}],"wp:attachment":[{"href":"https:\/\/zjarr.tv\/en\/wp-json\/wp\/v2\/media?parent=122607"}],"wp:term":[{"taxonomy":"category","embeddable":true,"href":"https:\/\/zjarr.tv\/en\/wp-json\/wp\/v2\/categories?post=122607"},{"taxonomy":"post_tag","embeddable":true,"href":"https:\/\/zjarr.tv\/en\/wp-json\/wp\/v2\/tags?post=122607"}],"curies":[{"name":"wp","href":"https:\/\/api.w.org\/{rel}","templated":true}]}}