{"id":122613,"date":"2020-02-24T14:31:59","date_gmt":"2020-02-24T13:31:59","guid":{"rendered":"https:\/\/zjarr.tv\/?p=122613"},"modified":"2020-02-24T14:31:59","modified_gmt":"2020-02-24T13:31:59","slug":"i-hoqen-licensen-shkolla-private-demaskon-shahinin-goditen-drejtorin-vodhen-dokumentin-panik-jane-maskat-e-tyre","status":"publish","type":"post","link":"https:\/\/zjarr.tv\/en\/i-hoqen-licensen-shkolla-private-demaskon-shahinin-goditen-drejtorin-vodhen-dokumentin-panik-jane-maskat-e-tyre\/","title":{"rendered":"I hoq\u00ebn licens\u00ebn, shkolla private demaskon Shahinin: Godit\u00ebn drejtorin, vodh\u00ebn dokumentin, panik jan\u00eb &#8216;maskat&#8217; e tyre"},"content":{"rendered":"<p>Pasi Ministria e Arsimit e nd\u00ebshkoi shkoll\u00ebn private \u201cUdha e Shkronjave\u201d p\u00ebr p\u00ebrhapje paniku dhe i hoqi licens\u00ebn e aktivitetit pas vendimit p\u00ebr t\u2019o l\u00ebn\u00eb nx\u00ebn\u00ebsit dy jav\u00eb pushim p\u00ebr shkak t\u00eb rrezikut t\u00eb koronavirusit.<\/p>\n<p>Nuk ka vonuar reagimi i drejtuesve t\u00eb shkoll\u00ebs dhe zbulimi i s\u00eb v\u00ebrtet\u00ebs se \u00e7\u2019pro\u00e7edur\u00eb e habitshme dhe e dhunshme ishte ndjekur ndaj tyre.<\/p>\n<p>Ballafaqimi i inspektor\u00ebve t\u00eb Ministris\u00eb s\u00eb Sh\u00ebndet\u00ebsis\u00eb me drejtuesin e shkoll\u00ebs ishte kapje prej fyti dhe p\u00ebrplasje, rr\u00ebmbim me forc\u00eb nga xhepi i aktit t\u00eb kontrollit q\u00eb k\u00ebta inspektor\u00eb po vet\u00eb ia kishin paraqitur shkoll\u00ebs.<\/p>\n<p>Dhe n\u00eb fund, shkolla ngre pyetjen pik\u00ebrisht p\u00ebr akuz\u00ebn e fort\u00eb q\u00eb iu b\u00eb, \u201cp\u00ebrhapje paniku\u201d n\u00eb kushtet kur mjek\u00ebt me maska n\u00eb pikat kufitare dhe vet\u00eb grupet Komitetet e Emergjenc\u00ebs t\u00eb ngritura nga shteti p\u00ebr \u00e7\u00ebshtjen e koronavirusit, jan\u00eb p\u00ebrhap\u00ebs t\u00eb panikut.<\/p>\n<p><strong>Deklarata e plot\u00eb:<\/strong><\/p>\n<p><strong>Procedura administrative e Ministris\u00eb s\u00eb Arsimit d\u00ebshmon nivelin e ul\u00ebt t\u00eb bashk\u00ebpunimit me shkollat<\/strong><\/p>\n<p>Inspektim n\u00eb shkoll\u00ebn \u201cUdha e Shkronjave\u201d. Kat\u00ebr vet\u00eb. Ora 8:30, 24 shkurt 2020.<\/p>\n<p>Dh\u00ebnie nga ana e tyre e dokumentit q\u00eb autorizohen p\u00ebr kontroll, ku duhej t\u00eb ishte objekti i kontrollit dhe personat e autorizuar.<\/p>\n<p>E lexojm\u00eb, e marrim n\u00eb dor\u00ebzim, i pyesim: \u201cKa ndonj\u00eb mjek nga ju?\u201d. Na thon\u00eb \u201cJo, s\u2019jemi p\u00ebr at\u00eb pun\u00eb\u201d.<\/p>\n<p>Vjedhje e dokumentit q\u00eb lan\u00eb, pasi e lan\u00eb e mor\u00ebn tin\u00ebz dhe n\u00eb prani t\u00eb tre m\u00ebsueseve tona, e pranuan n\u00eb heshtje q\u00eb e kishin marr\u00eb tin\u00ebz, refuzonin t\u2019i p\u00ebrgjigjeshin pyetjes \u201ce mor\u00ebt p\u00ebrs\u00ebri dokumentin nga zyra jon\u00eb?\u201d. Vjedhje.<\/p>\n<p>L\u00ebshim procesverbali t\u00eb firmosur nga kat\u00ebr vet\u00eb, prej tyre. Procesverbali ishte let\u00ebr e bardh\u00eb pa kok\u00eb. U k\u00ebrkojm\u00eb n\u00eb dy kopje se duam nj\u00eb origjinal, nuk donin, por m\u00eb von\u00eb binden q\u00eb t\u00eb na japin nj\u00eb kopje n\u00eb origjinal.<\/p>\n<p>Marrim nj\u00eb nga kopjet. Pasi e marrim, pendohen dhe na e k\u00ebrkojn\u00eb, me mesazhin \u201cju nuk mundet ta kini, ndaj na e jepni\u201d. P\u00ebrse e b\u00ebn\u00eb t\u00eb dytin, kur u duheshin t\u00eb dy?!<\/p>\n<p>Pasi refuzojm\u00eb t\u2019ua japim, Erjal Selamaj, inspektor i Drejtoris\u00eb Arsimore, n\u00eb prani t\u00eb tre shoq\u00ebruesve t\u00eb vet, ushtron dhun\u00eb ndaj drejtorit, e kap p\u00ebr gryke, p\u00ebr mesi dhe fut me zor duart n\u00eb xhepat e drejtorit p\u00ebr t\u00eb marr\u00eb kopjen e procesverbalit q\u00eb e lan\u00eb vet\u00eb.<\/p>\n<p>K\u00ebta jan\u00eb inspektor\u00ebt e Arsimit q\u00eb kujdesen p\u00ebr sh\u00ebndetin e popullit. Th\u00ebrrasim 3 m\u00ebsuese p\u00ebr t\u2019u b\u00ebr\u00eb d\u00ebshmitare. Ne shkuam me nj\u00eb far\u00eb besimi duke qen\u00eb vet\u00ebm. por besimi nuk b\u00ebn pun\u00eb me shtetin.<\/p>\n<p>Jemi duke folur p\u00ebr kujdes p\u00ebr sh\u00ebndetin e nx\u00ebn\u00ebsve. Ne ende nuk kemi nj\u00eb problem sh\u00ebndet\u00ebsor, t\u00eb pakt\u00ebn k\u00ebshtu thuhet zyrtarisht dhe ne po guxojm\u00eb ta besojm\u00eb, megjith\u00ebse g\u00ebnjeshtr\u00ebn nuk e kan\u00eb problem, por kemi vet\u00ebm frik\u00ebn dhe dyshimin p\u00ebr \u00e7astin, dhe shiko se \u00e7far\u00eb hilesh, vjedhjesh dokumentesh e force p\u00ebrdorin.<\/p>\n<p>Kjo \u00ebsht\u00eb siguria juridike me t\u00eb cil\u00ebn duhet t\u00eb p\u00ebrballojm\u00eb sigurin\u00eb sh\u00ebndet\u00ebsore?!<\/p>\n<p>Me k\u00ebt\u00eb lloj bashk\u00ebpunimi me drejtor\u00ebt e shkollave ruhet sh\u00ebndeti i f\u00ebmij\u00ebve, i m\u00ebsuesve, drejtuesve, personelit ndihm\u00ebs?!<\/p>\n<p>Prind\u00ebrit duhet t\u00eb jen\u00eb t\u00eb qart\u00eb q\u00eb mekanizmi i g\u00ebnjeshtr\u00ebs p\u00ebrforcohet me forc\u00ebn\/autoritetin e institucioneve.<\/p>\n<p>N\u00eb r\u00ebnt\u00eb epidemia, q\u00eb nuk urojm\u00eb, t\u00eb gjith\u00eb do t\u2019u ikin me vrap p\u00ebrgjegj\u00ebsive t\u00eb tyre. Kur u ikin me vrap ata q\u00eb jan\u00eb n\u00eb krye, nuk ka sesi t\u00eb mos ndodh\u00eb m\u00eb posht\u00eb!<\/p>\n<p>Ne e dim\u00eb q\u00eb \u00e7do mas\u00eb q\u00eb merret nga dikush, ka pasoj\u00eb edhe shkaktimin e panikut!<\/p>\n<p>\u00c7far\u00eb t\u00eb b\u00ebjm\u00eb? T\u00eb mos marrim masa? T\u00eb mos blejm\u00eb ila\u00e7e? T\u00eb mos blejm\u00eb produkte ushqimore?<\/p>\n<p>Po pse nuk shkaktokan panik maskat shtet\u00ebrore e personelit n\u00eb Rinas, por quhen masa t\u00eb duhura?<\/p>\n<p>Pse nuk shkaktoka panik Komiteti i Emergjenc\u00ebs me mbledhjet e veta, por q\u00ebnkan masa \u201cantipanik\u201d?<\/p>\n<p>Pse masat tona nuk quhen masa t\u00eb mir\u00ebfillta kujdesi, por quhen se sjellin panik?!<\/p>","protected":false},"excerpt":{"rendered":"<p>Pasi Ministria e Arsimit e nd\u00ebshkoi shkoll\u00ebn private \u201cUdha e Shkronjave\u201d p\u00ebr p\u00ebrhapje paniku dhe i hoqi licens\u00ebn e aktivitetit pas vendimit p\u00ebr t\u2019o l\u00ebn\u00eb nx\u00ebn\u00ebsit dy jav\u00eb pushim p\u00ebr shkak t\u00eb rrezikut t\u00eb koronavirusit. Nuk ka vonuar reagimi i drejtuesve t\u00eb shkoll\u00ebs dhe zbulimi i s\u00eb v\u00ebrtet\u00ebs se \u00e7\u2019pro\u00e7edur\u00eb e habitshme dhe e dhunshme [&hellip;]<\/p>\n","protected":false},"author":2013,"featured_media":122614,"comment_status":"open","ping_status":"closed","sticky":false,"template":"","format":"standard","meta":{"footnotes":""},"categories":[241,235],"tags":[],"class_list":{"0":"post-122613","1":"post","2":"type-post","3":"status-publish","4":"format-standard","5":"has-post-thumbnail","7":"category-aktualitet","8":"category-vendi"},"_links":{"self":[{"href":"https:\/\/zjarr.tv\/en\/wp-json\/wp\/v2\/posts\/122613","targetHints":{"allow":["GET"]}}],"collection":[{"href":"https:\/\/zjarr.tv\/en\/wp-json\/wp\/v2\/posts"}],"about":[{"href":"https:\/\/zjarr.tv\/en\/wp-json\/wp\/v2\/types\/post"}],"author":[{"embeddable":true,"href":"https:\/\/zjarr.tv\/en\/wp-json\/wp\/v2\/users\/2013"}],"replies":[{"embeddable":true,"href":"https:\/\/zjarr.tv\/en\/wp-json\/wp\/v2\/comments?post=122613"}],"version-history":[{"count":0,"href":"https:\/\/zjarr.tv\/en\/wp-json\/wp\/v2\/posts\/122613\/revisions"}],"wp:featuredmedia":[{"embeddable":true,"href":"https:\/\/zjarr.tv\/en\/wp-json\/wp\/v2\/media\/122614"}],"wp:attachment":[{"href":"https:\/\/zjarr.tv\/en\/wp-json\/wp\/v2\/media?parent=122613"}],"wp:term":[{"taxonomy":"category","embeddable":true,"href":"https:\/\/zjarr.tv\/en\/wp-json\/wp\/v2\/categories?post=122613"},{"taxonomy":"post_tag","embeddable":true,"href":"https:\/\/zjarr.tv\/en\/wp-json\/wp\/v2\/tags?post=122613"}],"curies":[{"name":"wp","href":"https:\/\/api.w.org\/{rel}","templated":true}]}}