{"id":122622,"date":"2020-02-24T14:39:12","date_gmt":"2020-02-24T13:39:12","guid":{"rendered":"https:\/\/zjarr.tv\/?p=122622"},"modified":"2020-02-24T14:39:12","modified_gmt":"2020-02-24T13:39:12","slug":"kush-jane-dy-personat-qe-ofl-u-kerkon-deklarimin-e-pasurise","status":"publish","type":"post","link":"https:\/\/zjarr.tv\/en\/kush-jane-dy-personat-qe-ofl-u-kerkon-deklarimin-e-pasurise\/","title":{"rendered":"Kush jan\u00eb dy personat q\u00eb OFL u k\u00ebrkon deklarimin e pasuris\u00eb"},"content":{"rendered":"<p>N\u00eb zbatimit t\u00eb Ligjit Special p\u00ebr masat pasurore ndaj individ\u00ebve t\u00eb d\u00ebnuar apo akuzuar p\u00ebr krim t\u00eb organizuar apo krime t\u00eb r\u00ebnda, OFL vijon intensivisht pun\u00ebn p\u00ebr kryerjen e veprimeve komplekse, n\u00eb bashk\u00ebpunim me strukturat e tjera t\u00eb Policis\u00eb s\u00eb Shtetit.<\/p>\n<p>N\u00eb kuad\u00ebr t\u00eb Aktit Normativ nr. 1, dat\u00eb 31.01.2020, OFL u ka d\u00ebrguar k\u00ebrkesat p\u00ebr vet\u00ebdeklarim t\u00eb pasuris\u00eb, shtetasve:<\/p>\n<p>Leko (Frederik) Durda banues n\u00eb Tiran\u00eb, i d\u00ebnuar p\u00ebr veprat penale \u201cKrijimi i band\u00ebs s\u00eb armatosur dhe organizat\u00ebs kriminale\u201d, \u201cArm\u00ebmbajtja pa leje\u201d, \u201cOrganizimi dhe drejtimi i organizatave kriminale\u201d dhe \u201cFalsifikimi i let\u00ebrnjoftimeve apo vizave\u201d e kryer n\u00eb bashk\u00ebpunim;<\/p>\n<p>Arben Berballa, banues n\u00eb Tiran\u00eb, i d\u00ebnuar p\u00ebr veprat penale \u201cKrijimi i band\u00ebs s\u00eb armatosur dhe organizat\u00ebs kriminale\u201d, \u201cArm\u00ebmbajtja pa leje\u201d dhe \u201cOrganizimi dhe drejtimi i organizatave kriminale\u201d;<\/p>\n<p>K\u00ebta individ\u00eb, si subjekt i Ligjit Special, duhet t\u2019u p\u00ebrgjigjen me shkrim, brenda 48 or\u00ebsh, t\u00eb gjitha pyetjeve t\u00eb OFL-s\u00eb, t\u00eb cilat do t\u2019i d\u00ebrgohen SPAK-ut, p\u00ebr veprime t\u00eb m\u00ebtejshme.<\/p>\n<p>OFL b\u00ebn me dije se t\u00eb gjith\u00eb personat q\u00eb iu \u00ebsht\u00eb d\u00ebrguar k\u00ebrkesa me shkrim p\u00ebr vet\u00ebdeklarimin e burimeve t\u00eb pasuris\u00eb, i kan\u00eb plot\u00ebsuar formular\u00ebt dhe i kan\u00eb dor\u00ebzuar pran\u00eb OFL-s\u00eb, e cila ka vijuar me procedurat, sipas p\u00ebrcaktimit n\u00eb Aktin Normativ nr. 1, t\u00eb dat\u00ebs 31 janar 2020.<\/p>\n<p>OFL do t\u00eb informoj\u00eb publikun n\u00eb vijim\u00ebsi p\u00ebr t\u00eb gjitha nismat procedurale dhe operacionet ekzekutive q\u00eb do t\u00eb kryej\u00eb.<\/p>","protected":false},"excerpt":{"rendered":"<p>N\u00eb zbatimit t\u00eb Ligjit Special p\u00ebr masat pasurore ndaj individ\u00ebve t\u00eb d\u00ebnuar apo akuzuar p\u00ebr krim t\u00eb organizuar apo krime t\u00eb r\u00ebnda, OFL vijon intensivisht pun\u00ebn p\u00ebr kryerjen e veprimeve komplekse, n\u00eb bashk\u00ebpunim me strukturat e tjera t\u00eb Policis\u00eb s\u00eb Shtetit. N\u00eb kuad\u00ebr t\u00eb Aktit Normativ nr. 1, dat\u00eb 31.01.2020, OFL u ka d\u00ebrguar k\u00ebrkesat [&hellip;]<\/p>\n","protected":false},"author":2013,"featured_media":121275,"comment_status":"open","ping_status":"closed","sticky":false,"template":"","format":"standard","meta":{"footnotes":""},"categories":[241,235],"tags":[],"class_list":{"0":"post-122622","1":"post","2":"type-post","3":"status-publish","4":"format-standard","5":"has-post-thumbnail","7":"category-aktualitet","8":"category-vendi"},"_links":{"self":[{"href":"https:\/\/zjarr.tv\/en\/wp-json\/wp\/v2\/posts\/122622","targetHints":{"allow":["GET"]}}],"collection":[{"href":"https:\/\/zjarr.tv\/en\/wp-json\/wp\/v2\/posts"}],"about":[{"href":"https:\/\/zjarr.tv\/en\/wp-json\/wp\/v2\/types\/post"}],"author":[{"embeddable":true,"href":"https:\/\/zjarr.tv\/en\/wp-json\/wp\/v2\/users\/2013"}],"replies":[{"embeddable":true,"href":"https:\/\/zjarr.tv\/en\/wp-json\/wp\/v2\/comments?post=122622"}],"version-history":[{"count":0,"href":"https:\/\/zjarr.tv\/en\/wp-json\/wp\/v2\/posts\/122622\/revisions"}],"wp:featuredmedia":[{"embeddable":true,"href":"https:\/\/zjarr.tv\/en\/wp-json\/wp\/v2\/media\/121275"}],"wp:attachment":[{"href":"https:\/\/zjarr.tv\/en\/wp-json\/wp\/v2\/media?parent=122622"}],"wp:term":[{"taxonomy":"category","embeddable":true,"href":"https:\/\/zjarr.tv\/en\/wp-json\/wp\/v2\/categories?post=122622"},{"taxonomy":"post_tag","embeddable":true,"href":"https:\/\/zjarr.tv\/en\/wp-json\/wp\/v2\/tags?post=122622"}],"curies":[{"name":"wp","href":"https:\/\/api.w.org\/{rel}","templated":true}]}}