{"id":122624,"date":"2020-02-24T14:52:43","date_gmt":"2020-02-24T13:52:43","guid":{"rendered":"https:\/\/zjarr.tv\/?p=122624"},"modified":"2020-02-24T14:52:43","modified_gmt":"2020-02-24T13:52:43","slug":"virusi-pd-qeverise-regjister-dhe-mbikqyrje-per-te-ardhurit-nga-zonat-e-infektuara","status":"publish","type":"post","link":"https:\/\/zjarr.tv\/en\/virusi-pd-qeverise-regjister-dhe-mbikqyrje-per-te-ardhurit-nga-zonat-e-infektuara\/","title":{"rendered":"Virusi, PD &#8211; qeveris\u00eb: Regjist\u00ebr dhe mbikqyrje p\u00ebr t\u00eb ardhurit nga zonat e infektuara"},"content":{"rendered":"<p>Kryetari i PD-s\u00eb, Lulzim Basha, pas diskutimeve me grupin\u00a0e mjek\u00ebve dhe ekspert\u00ebve lidhur me rrezikun q\u00eb paraqet koronavirusi, i ardhur tashm\u00eb n\u00eb Itali, i b\u00ebri nj\u00eb s\u00ebr\u00eb propozimesh qeveris\u00eb\u00a0p\u00ebr t\u00eb shmangur panikun tek qytetar\u00ebt dhe organizuar pun\u00ebn.<\/p>\n<p>Basha tha nd\u00ebr t\u00eb tjera se: &#8220;Meq\u00ebn\u00ebse infeksioni nuk shfaqet menj\u00ebher\u00eb, duhet krijuar nj\u00eb regjist\u00ebr i personave q\u00eb vijn\u00eb nga zonat e infektuara dhe t\u00eb mbahen n\u00ebn mbik\u00ebqyrje. Nuk \u00ebsht\u00eb koha p\u00ebr propaganda, \u00ebsht\u00eb koha t\u00eb flasin mjek\u00ebt dhe ekspert\u00ebt, qeveria dhe institucionet kan\u00eb detyr\u00ebn t\u00eb veprojn\u00eb plot\u00ebsisht n\u00eb mb\u00ebshtetje t\u00eb tyre.<\/p>\n<p>Vendi yn\u00eb ka mjek\u00eb dhe ekspert\u00eb shum\u00eb t\u00eb mir\u00eb, q\u00eb kan\u00eb t\u00eb gjith\u00eb p\u00ebrgatitjen e nevojshme p\u00ebr ta menaxhuar k\u00ebt\u00eb situat\u00eb n\u00ebse u jepet mb\u00ebshtetja e nevojshme nga institucionet.<\/p>\n<p>Prandaj, iu b\u00ebj thirrje, s\u00eb pari, t\u00eb mos neglizhoni asnj\u00eb gripi, qoft\u00eb edhe m\u00eb t\u00eb leht\u00ebn dhe s\u00eb dyti, t\u00eb bashk\u00ebpunoni me strukturat sh\u00ebndet\u00ebsore \u00a0sepse p\u00ebrmes bashk\u00ebpunimit me to, sepse do t\u00eb jet\u00eb m\u00eb e leht\u00eb t\u00eb menaxhohet situata.<\/p>\n<div id=\"rekl-42\"><\/div>\n<p>PD me grupin e ve\u00e7ant\u00eb t\u00eb pun\u00ebs q\u00eb ka ngritur do t\u00eb vazhdoj\u00eb t\u00eb monitoroj\u00eb situat\u00ebn dit\u00eb pas dite dhe or\u00eb pas ore.<\/p>\n<p>Edhe nj\u00ebh\u00ebr\u00eb ju k\u00ebrkoj q\u00eb \u00a0larg panikut, t\u00eb mir\u00ebinformoheni, nd\u00ebrkoh\u00eb q\u00eb ju k\u00ebrkoj institucioneve t\u00eb informojn\u00eb qytetar\u00ebt n\u00eb m\u00ebnyr\u00eb transparente dhe t\u00eb l\u00ebn\u00eb mjek\u00ebt dhe specialist\u00ebt t\u00eb flasin.&#8221;<\/p>","protected":false},"excerpt":{"rendered":"<p>Kryetari i PD-s\u00eb, Lulzim Basha, pas diskutimeve me grupin\u00a0e mjek\u00ebve dhe ekspert\u00ebve lidhur me rrezikun q\u00eb paraqet koronavirusi, i ardhur tashm\u00eb n\u00eb Itali, i b\u00ebri nj\u00eb s\u00ebr\u00eb propozimesh qeveris\u00eb\u00a0p\u00ebr t\u00eb shmangur panikun tek qytetar\u00ebt dhe organizuar pun\u00ebn. Basha tha nd\u00ebr t\u00eb tjera se: &#8220;Meq\u00ebn\u00ebse infeksioni nuk shfaqet menj\u00ebher\u00eb, duhet krijuar nj\u00eb regjist\u00ebr i personave q\u00eb [&hellip;]<\/p>\n","protected":false},"author":2013,"featured_media":96738,"comment_status":"open","ping_status":"closed","sticky":false,"template":"","format":"standard","meta":{"footnotes":""},"categories":[241,235],"tags":[],"class_list":{"0":"post-122624","1":"post","2":"type-post","3":"status-publish","4":"format-standard","5":"has-post-thumbnail","7":"category-aktualitet","8":"category-vendi"},"_links":{"self":[{"href":"https:\/\/zjarr.tv\/en\/wp-json\/wp\/v2\/posts\/122624","targetHints":{"allow":["GET"]}}],"collection":[{"href":"https:\/\/zjarr.tv\/en\/wp-json\/wp\/v2\/posts"}],"about":[{"href":"https:\/\/zjarr.tv\/en\/wp-json\/wp\/v2\/types\/post"}],"author":[{"embeddable":true,"href":"https:\/\/zjarr.tv\/en\/wp-json\/wp\/v2\/users\/2013"}],"replies":[{"embeddable":true,"href":"https:\/\/zjarr.tv\/en\/wp-json\/wp\/v2\/comments?post=122624"}],"version-history":[{"count":0,"href":"https:\/\/zjarr.tv\/en\/wp-json\/wp\/v2\/posts\/122624\/revisions"}],"wp:featuredmedia":[{"embeddable":true,"href":"https:\/\/zjarr.tv\/en\/wp-json\/wp\/v2\/media\/96738"}],"wp:attachment":[{"href":"https:\/\/zjarr.tv\/en\/wp-json\/wp\/v2\/media?parent=122624"}],"wp:term":[{"taxonomy":"category","embeddable":true,"href":"https:\/\/zjarr.tv\/en\/wp-json\/wp\/v2\/categories?post=122624"},{"taxonomy":"post_tag","embeddable":true,"href":"https:\/\/zjarr.tv\/en\/wp-json\/wp\/v2\/tags?post=122624"}],"curies":[{"name":"wp","href":"https:\/\/api.w.org\/{rel}","templated":true}]}}