{"id":122626,"date":"2020-02-24T14:53:53","date_gmt":"2020-02-24T13:53:53","guid":{"rendered":"https:\/\/zjarr.tv\/?p=122626"},"modified":"2020-02-24T14:53:53","modified_gmt":"2020-02-24T13:53:53","slug":"rama-mbron-minishengenin-ne-londer","status":"publish","type":"post","link":"https:\/\/zjarr.tv\/en\/rama-mbron-minishengenin-ne-londer\/","title":{"rendered":"Rama mbron minishengenin n\u00eb Lond\u00ebr"},"content":{"rendered":"<p><em>Kryeministri Edi Rama mori pjes\u00eb n\u00eb samitin e BERZH-it q\u00eb zhvilloi punimet n\u00eb Lond\u00ebr ku edhe nj\u00eb her\u00eb mbrojti minishengenin ballkanik si nj\u00eb nism\u00eb q\u00eb do ti krijoj\u00eb m\u00eb shum\u00eb leht\u00ebsira qytetar\u00ebve t\u00eb Ballkanit. N\u00eb t\u00eb nj\u00ebjtin panel ku ndodhej edhe homologu i \u00a0Kosov\u00ebs, Albin Kurti dhe ajo e Serbis\u00eb, Ana Brnabi\u00e7, kryeministri shqiptar e quajti nism\u00eb t\u00eb suksesshme minishengenin, pavar\u00ebsisht se deri m\u00eb tani ka marr\u00eb dakord\u00ebsin\u00eb vet\u00ebm nga Beogradi, Tirana dhe Shkupi.<\/em><\/p>\n<p>Nga Londra ku mori pjes\u00eb n\u00eb samitin e BERZH-it, kryeministri Edi Rama gjat\u00ebs fjal\u00ebs s\u00eb tij theksoi edhe nj\u00eb her\u00eb r\u00ebnd\u00ebsin\u00eb q\u00eb ka p\u00ebr t\u00eb ardhmen e Ballkanit Per\u00ebndimor minishengeni rajonal.<\/p>\n<p>N\u00eb t\u00eb nj\u00ebjtin panel ku ndodhej edhe homologu i \u00a0Kosov\u00ebs, Albin Kurti dhe ajo e Serbis\u00eb, Ana Brnabi\u00e7, Kryeministri shqiptar e quajti nism\u00eb t\u00eb suksesshme minishengenin, pavar\u00ebsisht se deri m\u00eb tani ka marr\u00eb dakord\u00ebsin\u00eb vet\u00ebm nga Beogradi, Tirana dhe Shkupi.<\/p>\n<p><em><strong>Edi Rama:\u00a0<\/strong><\/em><em>Deri n\u00eb 2014 nuk ishin ulur kurr\u00eb kaq leht\u00eb me nj\u00ebri tjetrein, pa arm\u00eb, pa urrejtje, pa gjak\u00ebderdhje, p\u00ebr t\u00eb folur p\u00ebr t\u00eb ardhmen. Natyrisht kemi probleme p\u00ebr t\u00eb zgjidhur, por ne jemi duke punuar s\u00ebbashku dhe duam t\u00eb nd\u00ebrtojm\u00eb s\u00ebbashku t\u00eb ardhmen e f\u00ebmij\u00ebve tan\u00eb. Nuk bie dakord me termin minishengen, nuk \u00ebsht\u00eb aspak mini, pasi ne t\u00eb jemi nga m\u00eb t\u00eb gjat\u00ebt n\u00eb rajon. \u00cbsht\u00eb nj\u00eb hap\u00ebsir\u00eb rajonal\u00eb, ku b\u00ebh\u00ebt fjal\u00eb p\u00ebr 4 lirit\u00eb e l\u00ebvizjes.\u00a0<\/em><\/p>\n<p>Edhe n\u00eb Lond\u00ebr, shefi i qeveris\u00eb shqiptare foli p\u00ebr zhg\u00ebnjimin q\u00eb solli vendimi negativ i tetorit sa i p\u00ebrket \u00e7eljes s\u00eb negociatave, nd\u00ebrsa pranoi se Brukseli e ka t\u00eb v\u00ebshtir\u00eb t\u00eb kuptojn\u00eb politik\u00ebn shqiptare.<\/p>\n<p><em><strong>Edi Rama:\u00a0<\/strong>P\u00ebrsa i p\u00ebrket procesit t\u00eb integrimit jemi p\u00ebrballur me shum\u00eb zhg\u00ebnjime. Kroacia \u00ebsht\u00eb nj\u00ebfar\u00eb agjenti yn\u00eb n\u00eb Bruksel dhe n\u00eb t\u00eb nj\u00ebjt\u00ebn koh\u00eb edhe p\u00ebrktthyesi yn\u00eb n\u00eb bruksel. Natyrisht \u00ebsht\u00eb m\u00eb e leht\u00eb t\u00eb na e p\u00ebrkthesh neve Brukselin se sa t\u00eb na p\u00ebrkthesh neve n\u00eb Bruksel. Por ajo q\u00eb \u00ebsht\u00eb e r\u00ebnd\u00ebsishme \u00ebsht\u00eb nd\u00ebrtimi i autostrad\u00ebs Ballkani Per\u00ebndimor.<\/em><\/p>\n<p>N\u00eb fund t\u00eb fjal\u00ebs s\u00eb tij Edi Rama n\u00ebnvizoi edhe disa nga projektet p\u00ebr t\u00eb cilat Shqip\u00ebria k\u00ebrkon investime si\u00e7 \u00ebsht\u00eb aeroporti nd\u00ebrkomb\u00ebtar i Vlor\u00ebs, parqet, investimet hidrike.<\/p>","protected":false},"excerpt":{"rendered":"<p>Kryeministri Edi Rama mori pjes\u00eb n\u00eb samitin e BERZH-it q\u00eb zhvilloi punimet n\u00eb Lond\u00ebr ku edhe nj\u00eb her\u00eb mbrojti minishengenin ballkanik si nj\u00eb nism\u00eb q\u00eb do ti krijoj\u00eb m\u00eb shum\u00eb leht\u00ebsira qytetar\u00ebve t\u00eb Ballkanit. N\u00eb t\u00eb nj\u00ebjtin panel ku ndodhej edhe homologu i \u00a0Kosov\u00ebs, Albin Kurti dhe ajo e Serbis\u00eb, Ana Brnabi\u00e7, kryeministri shqiptar e [&hellip;]<\/p>\n","protected":false},"author":2013,"featured_media":122627,"comment_status":"open","ping_status":"closed","sticky":false,"template":"","format":"standard","meta":{"footnotes":""},"categories":[241,235],"tags":[],"class_list":{"0":"post-122626","1":"post","2":"type-post","3":"status-publish","4":"format-standard","5":"has-post-thumbnail","7":"category-aktualitet","8":"category-vendi"},"_links":{"self":[{"href":"https:\/\/zjarr.tv\/en\/wp-json\/wp\/v2\/posts\/122626","targetHints":{"allow":["GET"]}}],"collection":[{"href":"https:\/\/zjarr.tv\/en\/wp-json\/wp\/v2\/posts"}],"about":[{"href":"https:\/\/zjarr.tv\/en\/wp-json\/wp\/v2\/types\/post"}],"author":[{"embeddable":true,"href":"https:\/\/zjarr.tv\/en\/wp-json\/wp\/v2\/users\/2013"}],"replies":[{"embeddable":true,"href":"https:\/\/zjarr.tv\/en\/wp-json\/wp\/v2\/comments?post=122626"}],"version-history":[{"count":0,"href":"https:\/\/zjarr.tv\/en\/wp-json\/wp\/v2\/posts\/122626\/revisions"}],"wp:featuredmedia":[{"embeddable":true,"href":"https:\/\/zjarr.tv\/en\/wp-json\/wp\/v2\/media\/122627"}],"wp:attachment":[{"href":"https:\/\/zjarr.tv\/en\/wp-json\/wp\/v2\/media?parent=122626"}],"wp:term":[{"taxonomy":"category","embeddable":true,"href":"https:\/\/zjarr.tv\/en\/wp-json\/wp\/v2\/categories?post=122626"},{"taxonomy":"post_tag","embeddable":true,"href":"https:\/\/zjarr.tv\/en\/wp-json\/wp\/v2\/tags?post=122626"}],"curies":[{"name":"wp","href":"https:\/\/api.w.org\/{rel}","templated":true}]}}