{"id":122638,"date":"2020-02-24T15:24:45","date_gmt":"2020-02-24T14:24:45","guid":{"rendered":"https:\/\/zjarr.tv\/?p=122638"},"modified":"2020-02-24T15:24:45","modified_gmt":"2020-02-24T14:24:45","slug":"berisha-vucic-kercenim-serioz-per-paqen-ne-rajon","status":"publish","type":"post","link":"https:\/\/zjarr.tv\/en\/berisha-vucic-kercenim-serioz-per-paqen-ne-rajon\/","title":{"rendered":"Berisha: Vu\u00e7i\u00e7 k\u00ebrc\u00ebnim serioz p\u00ebr paqen n\u00eb rajon"},"content":{"rendered":"<p><strong>Nga Sali Berisha<\/strong><\/p>\n<p>Miq, Aleksand\u00ebr Vu\u00e7i\u00e7, presidenti me rusofil i Serbomadhis\u00eb k\u00ebto 70 vitet e fundit, armatoset nga Rusia gjer\u00eb n\u00eb dh\u00ebmb\u00eb!<\/p>\n<p>-Ai me rekomandim t\u00eb Carit Putin bleu tani se fundi sistemin raketor \u2018Pantsir\u2019 dhe po p\u00ebrgatitet t\u00eb marr\u00eb sistemin raketor \u2018S 400!\u2019<\/p>\n<div id=\"rekl-13\"><\/div>\n<p>-N\u00eb t\u00eb v\u00ebrtet\u00eb ndon\u00ebse Serbin\u00eb nuk e k\u00ebrc\u00ebnon asnj\u00eb vend ai po p\u00ebrgatitet p\u00ebr luft\u00eb.<\/p>\n<p>P\u00ebr t\u00eb gjitha k\u00ebto<\/p>\n<p>-ish-presidenti proper\u00ebndimor i Serbis\u00eb, Boris Tadi\u00e7 nj\u00eb jav\u00eb m\u00eb par\u00eb<\/p>\n<p>-paralajm\u00ebroi publikisht bot\u00ebn se aktualisht -nacionalizmi serb mund t\u00eb zhys\u00eb Ballkanin n\u00eb konflikte t\u00eb reja.<\/p>\n<p>Pik\u00ebrisht k\u00ebto konflikte po ushqen dhe p\u00ebrgatit me vendosm\u00ebri me kursin e tij t\u00eb \u00e7mendur t\u00eb armatimit presidenti me rusofil i Serbis\u00eb, Aleksand\u00ebr Vu\u00e7i\u00e7.<\/p>\n<p>Ai duke p\u00ebrdorur argat\u00ebt e tij n\u00eb Tiran\u00eb dhe Prishtin\u00eb dhe armatimet moderne ruse kalon nga nj\u00eb projekt n\u00eb nj\u00eb projekt tjet\u00ebr t\u00eb Serbomadhis\u00eb.<\/p>\n<p>Duke d\u00ebnuar me ashp\u00ebrsin\u00eb m\u00eb t\u00eb madhe kursin luftenxit\u00ebs t\u00eb Serbomadhit Vu\u00e7i\u00e7 ju b\u00ebj thirrje NATO-s dhe SHBA ti rikujtojn\u00eb atij se nj\u00eb fuqi e mundur nuk mund t\u00eb nd\u00ebrmarr\u00eb pa u nd\u00ebshkuar nj\u00eb kurs t\u00eb \u00e7mendur armatimi k\u00ebrc\u00ebnues p\u00ebr paqen dhe stabilitetin n\u00eb Ballkanin e vendeve tashm\u00eb an\u00ebtare t\u00eb Aleanc\u00ebs s\u00eb Atlantikut t\u00eb Veriut.<\/p>\n<p>K\u00ebtu m\u00eb posht\u00eb keni nj\u00eb kronike t\u00eb holl\u00ebsishme t\u00eb Z\u00ebrit t\u00eb Amerikes mbi kursin e armatimit me arm\u00eb dhe sisteme arm\u00ebsh ruse t\u00eb filorusit Vu\u00e7i\u00e7, gj\u00eb q\u00eb p\u00ebrb\u00ebn nj\u00eb k\u00ebrc\u00ebnim t\u00eb v\u00ebrtet\u00eb p\u00ebr paqen dhe stabilitetin rajonal.<\/p>\n<p>Sipas deshir\u00ebs mund te lexoni! sb<\/p>\n<p><strong>Serbia blen s\u00ebrish armatime nga Rusia me gjith\u00eb k\u00ebrc\u00ebnimet p\u00ebr sanksione<\/strong><\/p>\n<p><em>Serbia ka bler\u00eb nj\u00eb sistem t\u00eb sofistikuar kund\u00ebrajror nga Rusia, pavar\u00ebsisht sanksioneve t\u00eb mundshme amerikane kund\u00ebr shtetit ballkanik, q\u00eb zyrtarisht synon an\u00ebtar\u00ebsimin n\u00eb Bashkimin Evropian.<\/em><\/p>\n<p><em>Presidenti i Serbis\u00eb, Aleksand\u00ebr Vu\u00e7i\u00e7, i tha t\u00eb diel\u00ebn televizionit proqeveritar Prva se sistemet kund\u00ebrajrore Pantsir S1, jan\u00eb bler\u00eb pas k\u00ebshillave nga presidenti rus Vladimir Putin.<\/em><\/p>\n<p><em>\u2018Blijeni Pantsirin. \u00cbsht\u00eb treguar shum\u00eb i efektsh\u00ebm n\u00eb Siri\u2019, citoi ai presidentin rus t\u2019i ket\u00eb th\u00ebn\u00eb n\u00eb nj\u00ebrin nga takimet e tyre t\u00eb shpeshta koh\u00ebt e fundit.<\/em><\/p>\n<p><em>\u2018Ky sistem kund\u00ebrajror \u00ebsht\u00eb shum\u00eb efektiv kund\u00ebr dron\u00ebve q\u00eb jan\u00eb b\u00ebr\u00eb shum\u00eb thelb\u00ebsor\u00eb n\u00eb luft\u00ebn moderne\u2019, tha presidenti serb.<\/em><\/p>\n<p><em>Me gjith\u00eb synimet p\u00ebr t\u2019u an\u00ebtar\u00ebsuar n\u00eb Bashkimin Evropian, Serbia n\u00ebn udh\u00ebheqjen populiste t\u00eb presidentit Vu\u00e7i\u00e7, ka forcuar lidhjet politike e ushtarake me aleaten e saj sllave, Rusin\u00eb.<\/em><\/p>\n<p><em>Serbia \u00ebsht\u00eb zotuar t\u00eb q\u00ebndroj\u00eb jasht\u00eb NATO-s dhe ka refuzuar t\u2019u bashkohet sanksioneve per\u00ebndimore kund\u00ebr Rusis\u00eb p\u00ebr shkak t\u00eb politik\u00ebs s\u00eb saj ndaj Ukrain\u00ebs.<\/em><\/p>\n<p><em>Armatosja e Serbis\u00eb nga Rusia shihet me shqet\u00ebsim n\u00eb per\u00ebndim, n\u00eb nj\u00eb periudh\u00eb tensionesh n\u00eb rritje n\u00eb Ballkanin q\u00eb u p\u00ebrfshi n\u00eb luft\u00ebra shkat\u00ebrruese n\u00eb vitet e 90-ta. NATO nd\u00ebrhyri kund\u00ebr Serbis\u00eb n\u00eb vitin 1999 p\u00ebr t\u2019u dh\u00ebn\u00eb fund mizorive ndaj shqiptar\u00ebve t\u00eb Kosov\u00ebs.<\/em><\/p>\n<p><em>Zyrtar\u00ebt amerikan\u00eb kan\u00eb folur hapur p\u00ebr vendosjen e sanksioneve kund\u00ebr Serbis\u00eb n\u00eb rast se Moska i shet m\u00eb shum\u00eb arm\u00eb, ve\u00e7an\u00ebrisht t\u00eb tilla q\u00eb mund t\u00eb rrezikojn\u00eb sigurin\u00eb e vendeve fqinje an\u00ebtare t\u00eb NATO-s.<\/em><\/p>\n<p><em>Presidenti serb Vu\u00e7i\u00e7 tha se shpreson q\u00eb nuk do t\u00eb ket\u00eb sanksione sepse ai ka folur hapur p\u00ebr blerjen e sistemeve Pantsir. Ai tha se beson q\u00eb k\u00ebrc\u00ebnimi me sanksione ka t\u00eb b\u00ebj\u00eb me shum\u00eb me blerjen e mundshme t\u00eb sistemeve kund\u00ebrajrore S-400 q\u00eb kan\u00eb nj\u00eb gam\u00eb shum\u00eb m\u00eb t\u00eb gjer\u00eb veprimi dhe jan\u00eb arm\u00eb sulmuese.<\/em><\/p>\n<p><em>Serbia mori t\u00eb shtun\u00ebn dy nga gjasht\u00eb sistemet e raketave t\u00eb blera ruse, vet\u00ebm disa dit\u00eb pasi q\u00eb ministri rus i Mbrojtjes, Sergei Shoigu, vizitoi Beogradin, ku deklaroi se bashk\u00ebpunimi ushtarak midis dy shteteve ka arritur n\u00eb nj\u00eb nivel \u2018thelb\u00ebsisht\u2019 t\u00eb ri.<\/em><\/p>","protected":false},"excerpt":{"rendered":"<p>Nga Sali Berisha Miq, Aleksand\u00ebr Vu\u00e7i\u00e7, presidenti me rusofil i Serbomadhis\u00eb k\u00ebto 70 vitet e fundit, armatoset nga Rusia gjer\u00eb n\u00eb dh\u00ebmb\u00eb! -Ai me rekomandim t\u00eb Carit Putin bleu tani se fundi sistemin raketor \u2018Pantsir\u2019 dhe po p\u00ebrgatitet t\u00eb marr\u00eb sistemin raketor \u2018S 400!\u2019 -N\u00eb t\u00eb v\u00ebrtet\u00eb ndon\u00ebse Serbin\u00eb nuk e k\u00ebrc\u00ebnon asnj\u00eb vend ai [&hellip;]<\/p>\n","protected":false},"author":2013,"featured_media":67154,"comment_status":"open","ping_status":"closed","sticky":false,"template":"","format":"standard","meta":{"footnotes":""},"categories":[241,235],"tags":[],"class_list":{"0":"post-122638","1":"post","2":"type-post","3":"status-publish","4":"format-standard","5":"has-post-thumbnail","7":"category-aktualitet","8":"category-vendi"},"_links":{"self":[{"href":"https:\/\/zjarr.tv\/en\/wp-json\/wp\/v2\/posts\/122638","targetHints":{"allow":["GET"]}}],"collection":[{"href":"https:\/\/zjarr.tv\/en\/wp-json\/wp\/v2\/posts"}],"about":[{"href":"https:\/\/zjarr.tv\/en\/wp-json\/wp\/v2\/types\/post"}],"author":[{"embeddable":true,"href":"https:\/\/zjarr.tv\/en\/wp-json\/wp\/v2\/users\/2013"}],"replies":[{"embeddable":true,"href":"https:\/\/zjarr.tv\/en\/wp-json\/wp\/v2\/comments?post=122638"}],"version-history":[{"count":0,"href":"https:\/\/zjarr.tv\/en\/wp-json\/wp\/v2\/posts\/122638\/revisions"}],"wp:featuredmedia":[{"embeddable":true,"href":"https:\/\/zjarr.tv\/en\/wp-json\/wp\/v2\/media\/67154"}],"wp:attachment":[{"href":"https:\/\/zjarr.tv\/en\/wp-json\/wp\/v2\/media?parent=122638"}],"wp:term":[{"taxonomy":"category","embeddable":true,"href":"https:\/\/zjarr.tv\/en\/wp-json\/wp\/v2\/categories?post=122638"},{"taxonomy":"post_tag","embeddable":true,"href":"https:\/\/zjarr.tv\/en\/wp-json\/wp\/v2\/tags?post=122638"}],"curies":[{"name":"wp","href":"https:\/\/api.w.org\/{rel}","templated":true}]}}