{"id":122640,"date":"2020-02-24T15:28:07","date_gmt":"2020-02-24T14:28:07","guid":{"rendered":"https:\/\/zjarr.tv\/?p=122640"},"modified":"2020-02-24T15:28:07","modified_gmt":"2020-02-24T14:28:07","slug":"meta-po-vleresojme-prova-dhe-te-implikuar-te-tjere-ne-grushtin-e-shtetit","status":"publish","type":"post","link":"https:\/\/zjarr.tv\/en\/meta-po-vleresojme-prova-dhe-te-implikuar-te-tjere-ne-grushtin-e-shtetit\/","title":{"rendered":"Meta: Po vler\u00ebsojm\u00eb prova dhe t\u00eb implikuar t\u00eb tjer\u00eb n\u00eb grushtin e shtetit!"},"content":{"rendered":"<p>Presidenti i vendit Ilir Meta deklaroi sot p\u00ebr mediat se \u201cne po vler\u00ebsojm\u00eb prova t\u00eb tjera p\u00ebr persona t\u00eb tjer\u00eb t\u00eb p\u00ebrfshir\u00eb p\u00ebr t\u00eb \u00e7uar deri n\u00eb fund shpartallimin jo vet\u00ebm t\u00eb k\u00ebsaj tentative t\u00eb grushtit t\u00eb shtetit por edhe t\u00eb t\u00eb gjith\u00eb p\u00ebrpjekjes p\u00ebr t\u00eb finalizuar grushtin e shtetit p\u00ebrmes rr\u00ebmbimit, me aktin antikushtetues, t\u00eb Gjykat\u00ebs Kushtetuese, por edhe t\u00eb sovranitetit t\u00eb Shqip\u00ebris\u00eb, nga kjo band\u00eb tep\u00ebr e rrezikshme.<\/p>\n<p>Ndaj n\u00eb 2 mars, t\u00eb gjith\u00eb shqiptar\u00ebt n\u00eb bulevard, n\u00eb Tiran\u00eb, &#8211; theksoi Meta, pasi dor\u00ebzoi kall\u00ebzimin penal n\u00eb SPAK ndaj Ministres s\u00eb Drejt\u00ebsis\u00eb Etilda Gjonaj, &#8211; \u00a0p\u00ebr t\u00eb b\u00ebr\u00eb t\u00eb qart\u00eb se t\u00eb gjith\u00eb shqiptar\u00ebt jan\u00eb me Kushtetut\u00ebn, jo me Presidentin, se shqiptar\u00ebt nuk do t\u00eb tolerojn\u00eb m\u00eb ask\u00ebnd t\u00eb dhunoj\u00eb Kushtetut\u00ebn q\u00eb ata votuan n\u00eb 22 n\u00ebntor 1998 dhe rreziku m\u00eb i madh \u00ebsht\u00eb murtaja q\u00eb quhet Rilindje, jo socialist\u00ebt.&#8221;<\/p>\n<p>&#8220;\u00cbsht\u00eb nj\u00eb akt i paprecedent\u00eb i kreut t\u00eb shtetit, thoni ju, &#8211; iu tha Presidenti, gazetar\u00ebve. &#8211;\u00a0 M\u00eb thoni, a ka ndonj\u00eb n\u00eb bot\u00eb a n\u00eb Europ\u00eb, t\u00eb nj\u00eb vendi an\u00ebtar t\u00eb KiE, t\u00eb nj\u00eb vendi q\u00eb synon t\u00eb \u00e7el\u00eb negociata me BE, ku n\u00eb m\u00ebnyr\u00ebn m\u00eb mafioze i rr\u00ebmbehet kompetenca kushtetuese dhe pushteti, kreut t\u00eb shtetit?!<\/p>\n<p>Un\u00eb kam dal\u00eb n\u00eb sheshin e betej\u00ebs s\u00eb v\u00ebrtet\u00eb p\u00ebr \u00e7do qytetar q\u00eb d\u00ebshiron t\u00eb jetoj\u00eb, n\u00eb liri, demokraci, n\u00eb nj\u00eb shtet ku ligji \u00ebsht\u00eb i barabart\u00eb p\u00ebr t\u00eb gjith\u00eb duke filluar nga Presidenti deri tek qytetari m\u00eb i thjesht\u00eb.<\/p>\n<p>Nuk ka ndodhur n\u00eb asnj\u00eb vend t\u00eb Evrop\u00ebs t\u00eb shkelet Kushtetuta n\u00eb k\u00ebt\u00eb m\u00ebnyr\u00eb, nuk ka asnj\u00eb vend n\u00eb Evrop\u00eb q\u00eb t\u00eb ngelet tre vjet pa Gjykat\u00eb Kushtetuese vet\u00ebm me q\u00ebllimin p\u00ebr ta kapur Gjykat\u00ebn n\u00eb k\u00ebt\u00eb m\u00ebnyr\u00eb mafioze dhe monstruoze si\u00e7 e tregojn\u00eb faktet;<\/p>\n<p>nuk ka vend n\u00eb Evrop\u00eb q\u00eb t\u00eb ket\u00eb mbetur nj\u00eb minut\u00eb pa Gjykat\u00eb t\u00eb Lart\u00eb;<\/p>\n<p>nuk ka vend n\u00eb Evrop\u00eb q\u00eb t\u00eb zgjidhet Prokurori i P\u00ebrgjithsh\u00ebm me 69 vota kur Kushtetuta e thot\u00eb qart\u00eb me 84 vota;<\/p>\n<p>nuk ka ndodhur askund q\u00eb t\u00eb ndodhin zgjedhje lokale n\u00eb kund\u00ebrshtim me Kushtetut\u00ebn dhe ligjet e veta, zgjedhje nj\u00ebpartiake q\u00eb i neveriti vet\u00eb Kongresi i Autoriteteve Vendore duke abandonuar v\u00ebzhgimin e tyre;<\/p>\n<p>nuk ka ndodhur askund nj\u00eb grusht i till\u00eb shteti.<\/p>\n<p>Puna vazhdon, provat vazhdojn\u00eb, implikimi vazhdon, t\u00eb gjith\u00eb i pres n\u00eb 2 mars kund\u00ebr \u201cmurtaj\u00ebs\u201d q\u00eb do t\u00eb zhb\u00ebj\u00eb shtetin e s\u00eb drejt\u00ebs n\u00eb Shqip\u00ebri dhe t\u00eb ekzekutoj\u00eb p\u00ebrfundimisht Kushtetut\u00ebn e t\u00eb gjith\u00eb shqiptar\u00ebve\u201d.<\/p>","protected":false},"excerpt":{"rendered":"<p>Presidenti i vendit Ilir Meta deklaroi sot p\u00ebr mediat se \u201cne po vler\u00ebsojm\u00eb prova t\u00eb tjera p\u00ebr persona t\u00eb tjer\u00eb t\u00eb p\u00ebrfshir\u00eb p\u00ebr t\u00eb \u00e7uar deri n\u00eb fund shpartallimin jo vet\u00ebm t\u00eb k\u00ebsaj tentative t\u00eb grushtit t\u00eb shtetit por edhe t\u00eb t\u00eb gjith\u00eb p\u00ebrpjekjes p\u00ebr t\u00eb finalizuar grushtin e shtetit p\u00ebrmes rr\u00ebmbimit, me aktin antikushtetues, [&hellip;]<\/p>\n","protected":false},"author":2013,"featured_media":122641,"comment_status":"open","ping_status":"closed","sticky":false,"template":"","format":"standard","meta":{"footnotes":""},"categories":[241,235],"tags":[],"class_list":{"0":"post-122640","1":"post","2":"type-post","3":"status-publish","4":"format-standard","5":"has-post-thumbnail","7":"category-aktualitet","8":"category-vendi"},"_links":{"self":[{"href":"https:\/\/zjarr.tv\/en\/wp-json\/wp\/v2\/posts\/122640","targetHints":{"allow":["GET"]}}],"collection":[{"href":"https:\/\/zjarr.tv\/en\/wp-json\/wp\/v2\/posts"}],"about":[{"href":"https:\/\/zjarr.tv\/en\/wp-json\/wp\/v2\/types\/post"}],"author":[{"embeddable":true,"href":"https:\/\/zjarr.tv\/en\/wp-json\/wp\/v2\/users\/2013"}],"replies":[{"embeddable":true,"href":"https:\/\/zjarr.tv\/en\/wp-json\/wp\/v2\/comments?post=122640"}],"version-history":[{"count":0,"href":"https:\/\/zjarr.tv\/en\/wp-json\/wp\/v2\/posts\/122640\/revisions"}],"wp:featuredmedia":[{"embeddable":true,"href":"https:\/\/zjarr.tv\/en\/wp-json\/wp\/v2\/media\/122641"}],"wp:attachment":[{"href":"https:\/\/zjarr.tv\/en\/wp-json\/wp\/v2\/media?parent=122640"}],"wp:term":[{"taxonomy":"category","embeddable":true,"href":"https:\/\/zjarr.tv\/en\/wp-json\/wp\/v2\/categories?post=122640"},{"taxonomy":"post_tag","embeddable":true,"href":"https:\/\/zjarr.tv\/en\/wp-json\/wp\/v2\/tags?post=122640"}],"curies":[{"name":"wp","href":"https:\/\/api.w.org\/{rel}","templated":true}]}}