{"id":122646,"date":"2020-02-24T15:31:39","date_gmt":"2020-02-24T14:31:39","guid":{"rendered":"https:\/\/zjarr.tv\/?p=122646"},"modified":"2020-02-24T15:31:39","modified_gmt":"2020-02-24T14:31:39","slug":"lsi-kerkon-nderhyrjen-e-spak-luan-rama-te-zbardhen-te-vertetat-e-pucit-kushtetues","status":"publish","type":"post","link":"https:\/\/zjarr.tv\/en\/lsi-kerkon-nderhyrjen-e-spak-luan-rama-te-zbardhen-te-vertetat-e-pucit-kushtetues\/","title":{"rendered":"LSI k\u00ebrkon nd\u00ebrhyrjen e SPAK, Luan Rama: T\u00eb zbardhen t\u00eb v\u00ebrtetat e pu\u00e7it kushtetues"},"content":{"rendered":"<p>L\u00ebvizja Socialiste p\u00ebr Integrim k\u00ebrkon nd\u00ebrhyrjen e SPAK p\u00ebr t\u00eb ndaluar grushtin e shtetit. N\u00eb nj\u00eb dalje p\u00ebr mediat, n\u00ebnkryetari i LSI, Luan Rama tha se SPAK duhet t\u00eb ndaloj, ata q\u00eb ai i quan keqb\u00ebr\u00ebs n\u00eb KED dhe Ministrin\u00eb e Drejt\u00ebsis\u00eb.<\/p>\n<p><strong>Luan Rama:<\/strong>\u00a0<em>Organet e zbatimit t\u00eb ligjit, SPAK duhet t\u00eb nd\u00ebrhyj\u00eb menj\u00ebher\u00eb sipas kodit t\u00eb procedur\u00ebs penale p\u00ebr t\u00eb ndaluar veprimin e keqb\u00ebr\u00ebsve kudo q\u00eb gjenden n\u00eb KED apo Ministrin\u00eb e Drejt\u00ebsis\u00eb, n\u00eb kuvend apo n\u00eb qeveri n\u00eb m\u00ebnyr\u00eb q\u00eb duke vepruar me forc\u00ebn e ligjit t\u00eb parandalojn\u00eb thellimin e m\u00ebtejsh\u00ebm dhe t\u00eb zbardhen t\u00eb v\u00ebrtetat e pu\u00e7it kushtetues n\u00eb p\u00ebrpjekje p\u00ebr t\u00eb dhunuar kushtetut\u00ebn dhe rr\u00ebzuar republik\u00ebn.<\/em><\/p>","protected":false},"excerpt":{"rendered":"<p>L\u00ebvizja Socialiste p\u00ebr Integrim k\u00ebrkon nd\u00ebrhyrjen e SPAK p\u00ebr t\u00eb ndaluar grushtin e shtetit. N\u00eb nj\u00eb dalje p\u00ebr mediat, n\u00ebnkryetari i LSI, Luan Rama tha se SPAK duhet t\u00eb ndaloj, ata q\u00eb ai i quan keqb\u00ebr\u00ebs n\u00eb KED dhe Ministrin\u00eb e Drejt\u00ebsis\u00eb. Luan Rama:\u00a0Organet e zbatimit t\u00eb ligjit, SPAK duhet t\u00eb nd\u00ebrhyj\u00eb menj\u00ebher\u00eb sipas kodit [&hellip;]<\/p>\n","protected":false},"author":2013,"featured_media":62302,"comment_status":"open","ping_status":"closed","sticky":false,"template":"","format":"standard","meta":{"footnotes":""},"categories":[241,235],"tags":[],"class_list":{"0":"post-122646","1":"post","2":"type-post","3":"status-publish","4":"format-standard","5":"has-post-thumbnail","7":"category-aktualitet","8":"category-vendi"},"_links":{"self":[{"href":"https:\/\/zjarr.tv\/en\/wp-json\/wp\/v2\/posts\/122646","targetHints":{"allow":["GET"]}}],"collection":[{"href":"https:\/\/zjarr.tv\/en\/wp-json\/wp\/v2\/posts"}],"about":[{"href":"https:\/\/zjarr.tv\/en\/wp-json\/wp\/v2\/types\/post"}],"author":[{"embeddable":true,"href":"https:\/\/zjarr.tv\/en\/wp-json\/wp\/v2\/users\/2013"}],"replies":[{"embeddable":true,"href":"https:\/\/zjarr.tv\/en\/wp-json\/wp\/v2\/comments?post=122646"}],"version-history":[{"count":0,"href":"https:\/\/zjarr.tv\/en\/wp-json\/wp\/v2\/posts\/122646\/revisions"}],"wp:featuredmedia":[{"embeddable":true,"href":"https:\/\/zjarr.tv\/en\/wp-json\/wp\/v2\/media\/62302"}],"wp:attachment":[{"href":"https:\/\/zjarr.tv\/en\/wp-json\/wp\/v2\/media?parent=122646"}],"wp:term":[{"taxonomy":"category","embeddable":true,"href":"https:\/\/zjarr.tv\/en\/wp-json\/wp\/v2\/categories?post=122646"},{"taxonomy":"post_tag","embeddable":true,"href":"https:\/\/zjarr.tv\/en\/wp-json\/wp\/v2\/tags?post=122646"}],"curies":[{"name":"wp","href":"https:\/\/api.w.org\/{rel}","templated":true}]}}