{"id":122651,"date":"2020-02-24T16:04:55","date_gmt":"2020-02-24T15:04:55","guid":{"rendered":"https:\/\/zjarr.tv\/?p=122651"},"modified":"2020-02-24T16:04:55","modified_gmt":"2020-02-24T15:04:55","slug":"fotografi-personal-i-obames-kujton-ikjen-e-refugjateve-nga-kosova-ne-bllace","status":"publish","type":"post","link":"https:\/\/zjarr.tv\/en\/fotografi-personal-i-obames-kujton-ikjen-e-refugjateve-nga-kosova-ne-bllace\/","title":{"rendered":"Fotografi personal i Obam\u00ebs kujton ikjen e refugjat\u00ebve nga Kosova n\u00eb Bllac\u00eb"},"content":{"rendered":"<p><span class=\"subtitle\">Fotografi personal i ish-presidentit amerikan Barack Obama, Pete Souza, ka postuar nj\u00eb foto n\u00eb rrjetin social Instagram ku kujton fillimet e karrier\u00ebs s\u00eb tij me luft\u00ebn n\u00eb Kosov\u00eb.<\/span><\/p>\n<div class=\"share-holder d-flex\">\n<p>Souza ka postuar nj\u00eb foto ku shihen refugjat\u00ebt nga Kosova duke u larguar nga vendi i tyre drejt kufirit maqedon n\u00eb Bllac\u00eb.<\/p>\n<\/div>\n<p>\u201cRefugjat\u00ebt e Kosov\u00ebs duke ikur nga vendi i tyre hasin n\u00eb rezistenc\u00eb nga polic\u00ebt maqedon\u00eb n\u00eb kufirin e Bllac\u00ebs n\u00eb vitin 1999\u201d, shkruan ai.<\/p>\n<p>Souza kujton koh\u00ebn kur filloi karrier\u00ebn n\u00eb nj\u00eb gazet\u00eb t\u00eb vog\u00ebl n\u00eb Kansas t\u00eb SHBA\u2019s\u00eb. Nj\u00eb mik i tij, Mark Hinojosa, ishte aty. S\u00eb bashku punuan duke u ngritur lart n\u00eb pozt\u00eb deri sa Souza zuri postin e Redaktorit Ndihm\u00ebs t\u00eb editimit t\u00eb fotografive n\u00eb Chicago Tribune.<\/p>\n<p>Nd\u00ebrkoh\u00eb, gjat\u00eb k\u00ebsaj rruge, ai thot\u00eb se punoi edhe si fotograf zyrtar n\u00eb Sht\u00ebpin\u00eb e Bardh\u00eb gjat\u00eb administrat\u00ebs s\u00eb Ronald Reagan. Vlen t\u00eb p\u00ebrmendet se mbi 150 mij\u00eb shqiptar\u00eb t\u00eb Kosov\u00ebs shkuan si refugjat\u00eb n\u00eb Maqedoni t\u00eb Veriut n\u00ebp\u00ebr kampet e refugjat\u00ebve. Shumica e tyre kaluan n\u00ebp\u00ebr kufirin e Bllac\u00ebs. Shqiptar\u00ebt jan\u00eb trajtuar mjaft keq gjat\u00eb kalimit t\u00eb k\u00ebtij kufiri nga forcat maqedonase.<\/p>\n<p>Bllaca u b\u00eb skena e nj\u00eb krize kur autoritetet maqedonase fillimisht refuzuan t\u00eb pranonin nj\u00eb num\u00ebr t\u00eb madh refugjat\u00ebsh, vet\u00ebm n\u00eb rast se u jepej garanci se shtetet e tjera do t\u00eb ndihmonin.<\/p>\n<p>Sot ekziston treni muze q\u00eb kujton ikjen e shqiptar\u00ebve n\u00eb koh\u00ebn e luft\u00ebs n\u00eb Bllac\u00eb<\/p>\n<p><iframe id=\"instagram-embed-0\" class=\"instagram-media instagram-media-rendered\" src=\"https:\/\/www.instagram.com\/p\/B868K4sF8bF\/embed\/captioned\/?cr=1&amp;v=12&amp;wp=540&amp;rd=https%3A%2F%2Fzeri.info&amp;rp=%2Faktuale%2F328917%2Ffotografi-personal-i-obames-kujton-ikjen-e-refugjateve-nga-kosova-ne-bllace%2F%3Ffbclid%3DIwAR1FlwNMAle8QstLZf0IfNm_B4glgVHwosyXwe7G88eYT4u8Czbca5DKC1o#%7B%22ci%22%3A0%2C%22os%22%3A1630.1749999984168%2C%22ls%22%3A1206.014999999752%2C%22le%22%3A1208.904999999504%7D\" height=\"1458\" frameborder=\"0\" scrolling=\"no\" allowfullscreen=\"allowfullscreen\" data-instgrm-payload-id=\"instagram-media-payload-0\" data-mce-fragment=\"1\"><\/iframe><\/p>","protected":false},"excerpt":{"rendered":"<p>Fotografi personal i ish-presidentit amerikan Barack Obama, Pete Souza, ka postuar nj\u00eb foto n\u00eb rrjetin social Instagram ku kujton fillimet e karrier\u00ebs s\u00eb tij me luft\u00ebn n\u00eb Kosov\u00eb. Souza ka postuar nj\u00eb foto ku shihen refugjat\u00ebt nga Kosova duke u larguar nga vendi i tyre drejt kufirit maqedon n\u00eb Bllac\u00eb. \u201cRefugjat\u00ebt e Kosov\u00ebs duke ikur [&hellip;]<\/p>\n","protected":false},"author":2013,"featured_media":122652,"comment_status":"open","ping_status":"closed","sticky":false,"template":"","format":"standard","meta":{"footnotes":""},"categories":[241,2],"tags":[],"class_list":{"0":"post-122651","1":"post","2":"type-post","3":"status-publish","4":"format-standard","5":"has-post-thumbnail","7":"category-aktualitet","8":"category-rajoni"},"_links":{"self":[{"href":"https:\/\/zjarr.tv\/en\/wp-json\/wp\/v2\/posts\/122651","targetHints":{"allow":["GET"]}}],"collection":[{"href":"https:\/\/zjarr.tv\/en\/wp-json\/wp\/v2\/posts"}],"about":[{"href":"https:\/\/zjarr.tv\/en\/wp-json\/wp\/v2\/types\/post"}],"author":[{"embeddable":true,"href":"https:\/\/zjarr.tv\/en\/wp-json\/wp\/v2\/users\/2013"}],"replies":[{"embeddable":true,"href":"https:\/\/zjarr.tv\/en\/wp-json\/wp\/v2\/comments?post=122651"}],"version-history":[{"count":0,"href":"https:\/\/zjarr.tv\/en\/wp-json\/wp\/v2\/posts\/122651\/revisions"}],"wp:featuredmedia":[{"embeddable":true,"href":"https:\/\/zjarr.tv\/en\/wp-json\/wp\/v2\/media\/122652"}],"wp:attachment":[{"href":"https:\/\/zjarr.tv\/en\/wp-json\/wp\/v2\/media?parent=122651"}],"wp:term":[{"taxonomy":"category","embeddable":true,"href":"https:\/\/zjarr.tv\/en\/wp-json\/wp\/v2\/categories?post=122651"},{"taxonomy":"post_tag","embeddable":true,"href":"https:\/\/zjarr.tv\/en\/wp-json\/wp\/v2\/tags?post=122651"}],"curies":[{"name":"wp","href":"https:\/\/api.w.org\/{rel}","templated":true}]}}