{"id":122654,"date":"2020-02-24T16:13:40","date_gmt":"2020-02-24T15:13:40","guid":{"rendered":"https:\/\/zjarr.tv\/?p=122654"},"modified":"2020-02-24T16:13:40","modified_gmt":"2020-02-24T15:13:40","slug":"koronavirusi-blindohen-kufijte-detare-e-tokesore-dyfishohen-stafet-mjekesore","status":"publish","type":"post","link":"https:\/\/zjarr.tv\/en\/koronavirusi-blindohen-kufijte-detare-e-tokesore-dyfishohen-stafet-mjekesore\/","title":{"rendered":"Koronavirusi, &#8220;blindohen&#8221; kufijt\u00eb detar\u00eb e tok\u00ebsor\u00eb. Dyfishohen stafet mjek\u00ebsore"},"content":{"rendered":"<p><em>Asnj\u00eb person i dyshuar me koronavirus nuk ka hyr\u00eb n\u00eb Shqip\u00ebri p\u00ebrgjat\u00eb or\u00ebve t\u00eb fundit. Ose t\u00eb pakt\u00ebn nuk e kan\u00eb zbuluar stafet mjek\u00ebsore t\u00eb vendosura n\u00eb t\u00eb gjitha pikat kufitare t\u00eb vendit ku ka nisur t\u00eb zbatohet plani i p\u00ebrforcuar kund\u00ebr p\u00ebrhapjes s\u00eb koronavirusit.<\/em><\/p>\n<p>Udh\u00ebtar\u00ebt nga deti kontrollohen p\u00ebr gjendjen sh\u00ebndet\u00ebsore n\u00eb tragete para se t\u00eb lejohen t\u00eb zbresin n\u00eb portet shqiptare, si pjes\u00eb e masave t\u00eb forcuara kund\u00ebr p\u00ebrhapjes s\u00eb koronavirusit.<\/p>\n<p><em>&#8220;Na kontrolluan.&#8221;<\/em><\/p>\n<p>K\u00ebt\u00eb t\u00eb h\u00ebn\u00eb n\u00eb portin e Durr\u00ebsit \u00a0hyn\u00eb rreth 500 persona, nga t\u00eb cil\u00ebt askush nuk rezultoi i dyshuar.<\/p>\n<p><em>&#8220;As panik, asgj\u00eb. Gjith\u00ebsecili n\u00eb pun\u00eb t\u00eb vet&#8221;.<\/em><\/p>\n<p>Shumica e pasagjer\u00ebv\u00eb vinin nga qytete italiane ku thon\u00eb se nuk kishte panik edhe pse bilanci i virusit ka shkaktuar nj\u00eb situat\u00eb frike.<\/p>\n<p><em>&#8220;K\u00ebtu kemi frik\u00eb nga t\u00ebrmeti, atje nga virusi&#8221;.<\/em><\/p>\n<p>Fluksi konsiderohet normal nga autoritetet e portit, t\u00eb cil\u00ebt theksojn\u00eb se kan\u00eb marr\u00eb masat p\u00ebr \u00e7do situat\u00eb q\u00eb mund t\u00eb paraqitet.<\/p>\n<p><em>&#8220;Nuk ka fluks t\u00eb personave q\u00eb hyjn\u00eb n\u00eb vendin ton\u00eb&#8221;.<\/em><\/p>\n<p>Plani i forcimit t\u00eb masave q\u00eb p\u00ebrfshin edhe dyfishimin e personelit sh\u00ebndet\u00ebsor ka nisur t\u00eb zbatohet n\u00eb t\u00eb gjitha pikat kufitare tok\u00ebsore nga veriu n\u00eb jug.<\/p>\n<p>Nje grua e kthyer nga Milano, nj\u00eb prej qyteteve t\u00eb prekura iu nenshtrua kontrollit n\u00eb Muriqan e nxori t\u00eb past\u00ebr.<\/p>\n<p><em>&#8220;Vi nga Milano, nuk kemi pasur kontrolle t\u00eb tjera. Kemi qen\u00eb shum\u00eb mir\u00eb.&#8221;<\/em><\/p>\n<p>Kontrollet jan\u00eb forcuar n\u00eb t\u00eb tre pikat kufitare me Greqin\u00eb n\u00eb qarkun e Kor\u00e7\u00ebs.<\/p>\n<p>Udh\u00ebtar\u00ebve u matet temperatura dhe pyeten sipas procedur\u00ebs t\u00eb caktuar p\u00ebr vendet q\u00eb kan\u00eb udh\u00ebtuar s\u00eb fundmi.<\/p>\n<p>N\u00eb Kapshtic\u00eb, Qaf\u00eb Than\u00eb e Tushemisht, asnj\u00eb nuk ka rezultuar i dyshuar.<\/p>\n<p><em>&#8220;Ka qen\u00eb vet\u00ebm nj\u00eb kineze q\u00eb jeton n\u00eb Gjermani, nuk ka pasur asnj\u00eb shenj\u00eb.&#8221;<\/em><\/p>\n<p>Asnj\u00eb person i dyshuar nuk ka hyr\u00eb n\u00eb Shqip\u00ebri edhe nga Pika kufitare e Qaf\u00eb Bot\u00ebs n\u00eb Sarand\u00eb.<\/p>\n<p>Ndon\u00ebse nuk kan\u00eb fluks t\u00eb lart\u00eb t\u00eb l\u00ebvizjeje, ekipet mjek\u00ebsore jan\u00eb dyfishuar edhe n\u00eb pikat e vogla kufitare me Kosov\u00ebn.<\/p>","protected":false},"excerpt":{"rendered":"<p>Asnj\u00eb person i dyshuar me koronavirus nuk ka hyr\u00eb n\u00eb Shqip\u00ebri p\u00ebrgjat\u00eb or\u00ebve t\u00eb fundit. Ose t\u00eb pakt\u00ebn nuk e kan\u00eb zbuluar stafet mjek\u00ebsore t\u00eb vendosura n\u00eb t\u00eb gjitha pikat kufitare t\u00eb vendit ku ka nisur t\u00eb zbatohet plani i p\u00ebrforcuar kund\u00ebr p\u00ebrhapjes s\u00eb koronavirusit. Udh\u00ebtar\u00ebt nga deti kontrollohen p\u00ebr gjendjen sh\u00ebndet\u00ebsore n\u00eb tragete para [&hellip;]<\/p>\n","protected":false},"author":2013,"featured_media":122655,"comment_status":"open","ping_status":"closed","sticky":false,"template":"","format":"standard","meta":{"footnotes":""},"categories":[241,235],"tags":[],"class_list":{"0":"post-122654","1":"post","2":"type-post","3":"status-publish","4":"format-standard","5":"has-post-thumbnail","7":"category-aktualitet","8":"category-vendi"},"_links":{"self":[{"href":"https:\/\/zjarr.tv\/en\/wp-json\/wp\/v2\/posts\/122654","targetHints":{"allow":["GET"]}}],"collection":[{"href":"https:\/\/zjarr.tv\/en\/wp-json\/wp\/v2\/posts"}],"about":[{"href":"https:\/\/zjarr.tv\/en\/wp-json\/wp\/v2\/types\/post"}],"author":[{"embeddable":true,"href":"https:\/\/zjarr.tv\/en\/wp-json\/wp\/v2\/users\/2013"}],"replies":[{"embeddable":true,"href":"https:\/\/zjarr.tv\/en\/wp-json\/wp\/v2\/comments?post=122654"}],"version-history":[{"count":0,"href":"https:\/\/zjarr.tv\/en\/wp-json\/wp\/v2\/posts\/122654\/revisions"}],"wp:featuredmedia":[{"embeddable":true,"href":"https:\/\/zjarr.tv\/en\/wp-json\/wp\/v2\/media\/122655"}],"wp:attachment":[{"href":"https:\/\/zjarr.tv\/en\/wp-json\/wp\/v2\/media?parent=122654"}],"wp:term":[{"taxonomy":"category","embeddable":true,"href":"https:\/\/zjarr.tv\/en\/wp-json\/wp\/v2\/categories?post=122654"},{"taxonomy":"post_tag","embeddable":true,"href":"https:\/\/zjarr.tv\/en\/wp-json\/wp\/v2\/tags?post=122654"}],"curies":[{"name":"wp","href":"https:\/\/api.w.org\/{rel}","templated":true}]}}