{"id":122666,"date":"2020-02-24T16:31:20","date_gmt":"2020-02-24T15:31:20","guid":{"rendered":"https:\/\/zjarr.tv\/?p=122666"},"modified":"2020-02-24T16:31:20","modified_gmt":"2020-02-24T15:31:20","slug":"padia-e-presidentit-ndaj-gjonajt-paloka-nuk-eshte-situate-normale-rama-do-te-kape-edhe-kushtetuesen","status":"publish","type":"post","link":"https:\/\/zjarr.tv\/en\/padia-e-presidentit-ndaj-gjonajt-paloka-nuk-eshte-situate-normale-rama-do-te-kape-edhe-kushtetuesen\/","title":{"rendered":"Padia e presidentit ndaj Gjonajt\/ Paloka: Nuk \u00ebsht\u00eb situat\u00eb normale, Rama do t\u00eb kap\u00eb edhe Kushtetuesen"},"content":{"rendered":"<p>N\u00ebnkryetari i Partis\u00eb Demokratike, Edi Paloka, gjat\u00eb nj\u00eb interviste p\u00ebr A2 CNN, ka komentuar kall\u00ebzimin e presidentit Ilir Meta n\u00eb SPAK n\u00eb adres\u00eb t\u00eb ministres s\u00eb drejt\u00ebsis\u00eb, Etilda Gjonaj, Sipas Palok\u00ebs, kryeministri Edi Rama shkriu Gjykat\u00ebn Kushtetuese p\u00ebr t\u00eb shkelur Kushtetut\u00ebn dhe tani po synon ta kap\u00eb at\u00eb.<\/p>\n<p>\u201cNuk \u00ebsht\u00eb situat\u00eb normale, prandaj dhe veprimet e Presidentit duken anormale. Mazhoranca ka kaq vite q\u00eb shkel Kushtetut\u00ebn. \u00cbsht\u00eb shkrir\u00eb Gjykata Kushtetuese, pasi k\u00ebshtu mund t\u00eb b\u00ebjn\u00eb ligje antikushtetues dhe n\u00eb fund ta kapin edhe k\u00ebt\u00eb gjykat\u00eb, M\u00eb pas, Shqip\u00ebria t\u00eb mos ket\u00eb m\u00eb asnj\u00eb institucion q\u00eb nuk varet nga Rama.<\/p>\n<p>Deri m\u00eb sot, Rama ka b\u00ebr\u00eb ligje antikushtetuese dhe tani synon t\u00eb kap Gjykat\u00ebn Kushtetuese. Imagjino t\u00eb marr\u00eb edhe Gjykat\u00ebn Kushtetuese dhe \u00e7far\u00eb mund t\u00eb presim pastaj! Venecian e ka b\u00ebr\u00eb si gjyqet e lagjeve q\u00eb b\u00ebheshin dikur\u201d, tha nd\u00ebr t\u00eb tjera n\u00ebnkryetari i PD, Edi Paloka.<\/p>\n<p>Nxitur nga kjo situat\u00eb, presidenti i Republik\u00ebs Ilir Meta ka thirrur nj\u00eb tubim qytetar, sipas t\u00eb cilit, synon ndalimin e grushtit t\u00eb shtetit dhe kapjes totalisht t\u00eb drejt\u00ebsis\u00eb nga qeveria<\/p>","protected":false},"excerpt":{"rendered":"<p>N\u00ebnkryetari i Partis\u00eb Demokratike, Edi Paloka, gjat\u00eb nj\u00eb interviste p\u00ebr A2 CNN, ka komentuar kall\u00ebzimin e presidentit Ilir Meta n\u00eb SPAK n\u00eb adres\u00eb t\u00eb ministres s\u00eb drejt\u00ebsis\u00eb, Etilda Gjonaj, Sipas Palok\u00ebs, kryeministri Edi Rama shkriu Gjykat\u00ebn Kushtetuese p\u00ebr t\u00eb shkelur Kushtetut\u00ebn dhe tani po synon ta kap\u00eb at\u00eb. \u201cNuk \u00ebsht\u00eb situat\u00eb normale, prandaj dhe veprimet [&hellip;]<\/p>\n","protected":false},"author":2013,"featured_media":106924,"comment_status":"open","ping_status":"closed","sticky":false,"template":"","format":"standard","meta":{"footnotes":""},"categories":[241,235],"tags":[],"class_list":{"0":"post-122666","1":"post","2":"type-post","3":"status-publish","4":"format-standard","5":"has-post-thumbnail","7":"category-aktualitet","8":"category-vendi"},"_links":{"self":[{"href":"https:\/\/zjarr.tv\/en\/wp-json\/wp\/v2\/posts\/122666","targetHints":{"allow":["GET"]}}],"collection":[{"href":"https:\/\/zjarr.tv\/en\/wp-json\/wp\/v2\/posts"}],"about":[{"href":"https:\/\/zjarr.tv\/en\/wp-json\/wp\/v2\/types\/post"}],"author":[{"embeddable":true,"href":"https:\/\/zjarr.tv\/en\/wp-json\/wp\/v2\/users\/2013"}],"replies":[{"embeddable":true,"href":"https:\/\/zjarr.tv\/en\/wp-json\/wp\/v2\/comments?post=122666"}],"version-history":[{"count":0,"href":"https:\/\/zjarr.tv\/en\/wp-json\/wp\/v2\/posts\/122666\/revisions"}],"wp:featuredmedia":[{"embeddable":true,"href":"https:\/\/zjarr.tv\/en\/wp-json\/wp\/v2\/media\/106924"}],"wp:attachment":[{"href":"https:\/\/zjarr.tv\/en\/wp-json\/wp\/v2\/media?parent=122666"}],"wp:term":[{"taxonomy":"category","embeddable":true,"href":"https:\/\/zjarr.tv\/en\/wp-json\/wp\/v2\/categories?post=122666"},{"taxonomy":"post_tag","embeddable":true,"href":"https:\/\/zjarr.tv\/en\/wp-json\/wp\/v2\/tags?post=122666"}],"curies":[{"name":"wp","href":"https:\/\/api.w.org\/{rel}","templated":true}]}}