{"id":122680,"date":"2020-02-25T11:22:47","date_gmt":"2020-02-25T10:22:47","guid":{"rendered":"https:\/\/zjarr.tv\/?p=122680"},"modified":"2020-02-25T11:22:47","modified_gmt":"2020-02-25T10:22:47","slug":"presidenti-meta-i-drejtohet-popullit-zgjohuni-ngrihuni-se-ketu-institucionet-kane-rene-pertoke","status":"publish","type":"post","link":"https:\/\/zjarr.tv\/en\/presidenti-meta-i-drejtohet-popullit-zgjohuni-ngrihuni-se-ketu-institucionet-kane-rene-pertoke\/","title":{"rendered":"Presidenti Meta i drejtohet popullit: Zgjohuni, ngrihuni se k\u00ebtu institucionet kan\u00eb r\u00ebn\u00eb p\u00ebrtok\u00eb"},"content":{"rendered":"<p>Kur rr\u00ebzohen institucionet, ngrihet populli.<\/p>\n<p>P\u00ebrse Presidenti i drejtohet popullit?<\/p>\n<p>Sepse sovraniteti n\u00eb Republik\u00ebn e Shqip\u00ebris\u00eb i p\u00ebrket vet\u00ebm popullit shqiptar. T\u00eb gjith\u00eb ne t\u00eb tjer\u00ebt, p\u00ebrfshir\u00eb edhe Presidentin e Republik\u00ebs, jemi vet\u00ebm ushtrues t\u00eb p\u00ebrkohsh\u00ebm t\u00eb k\u00ebtij sovraniteti dhe asgj\u00eb m\u00eb shum\u00eb.<\/p>\n<p>Sa shkresa zyrtare i ka drejtuar Presidenti i Republik\u00ebs, Kuvendit dhe Kryetarit t\u00eb tij, ku i ka k\u00ebrkuar bashk\u00ebpunim p\u00ebr t\u00eb parandaluar situat\u00ebn e r\u00ebnd\u00eb q\u00eb po krijohej p\u00ebr shkak t\u00eb bllokimeve t\u00eb q\u00ebllimshme t\u00eb funksionimit t\u00eb K\u00ebshillit t\u00eb Em\u00ebrimeve n\u00eb Drejt\u00ebsi dhe zbrazjes s\u00eb Gjykat\u00ebs Kushtetuese? Nuk num\u00ebrohen.<\/p>\n<p>Po p\u00ebrgjigje nga Kuvendi? Zero n\u00eb m\u00ebnyr\u00eb zyrtare. Po publikisht? E kan\u00eb d\u00ebgjuar t\u00eb gjith\u00eb shqiptar\u00ebt: Jemi m\u00eb mir\u00eb pa Gjykat\u00eb Kushtetuese. Pse? Se b\u00ebjm\u00eb \u00e7far\u00eb t\u00eb duam e s&#8217;na kontrollon njeri.<\/p>\n<p>Sa shkresa zyrtare i ka d\u00ebrguar Presidenti, Kuvendit vet\u00ebm k\u00ebt\u00eb vit p\u00ebr tejkalimin e situat\u00ebs s\u00eb r\u00ebnd\u00eb n\u00eb Gjykat\u00ebn Kushtetuese? Nuk num\u00ebrohen. T\u00eb gjitha me etik\u00eb dhe frym\u00eb pozitive p\u00ebr bashk\u00ebpunim n\u00eb respekt vet\u00ebm t\u00eb Kushtetut\u00ebs dhe ligjit p\u00ebr Gjykat\u00ebn Kushtetuese. A mori ndonj\u00eb p\u00ebrgjigje bashk\u00ebpunuese? Zero.<\/p>\n<p>Sa her\u00eb e ka paralajm\u00ebruar Presidenti, Kryetarin e KED i cili ka zero kompetenc\u00eb n\u00eb Kushtetut\u00eb q\u00eb t\u00eb respektoj\u00eb radh\u00ebn kushtetuese dhe ligjin e Gjykat\u00ebs Kushtetuese p\u00ebr t\u00eb evituar p\u00ebrplasjet e mundshme midis institucioneve t\u00eb Presidentit dhe Kuvendit? Nuk num\u00ebrohen. Po reagimi i tij? Shkeli me t\u00eb dyja k\u00ebmb\u00ebt edhe vendimin e vet\u00eb KED-s\u00eb, e cila respektoi radh\u00ebn e vakancave n\u00eb m\u00ebnyr\u00eb korrekte President, Kuvend, President, Kuvend.<\/p>\n<p>Po ky Dvorani q\u00eb s&#8217;ka asnj\u00eb kompetenc\u00eb tjet\u00ebr ve\u00e7 t\u00eb qenit korrier i vendimeve kolegjiale t\u00eb KED, p\u00ebrse nuk i nisi t\u00eb kat\u00ebr vendimet nj\u00ebherazi edhe Presidentit edhe Kuvendit n\u00eb nj\u00eb dit\u00eb si\u00e7 vendosi KED? Kush i tha k\u00ebtij t&#8217;ia niste Presidentit t\u00eb dy vakancat nj\u00ebherazi dhe Kuvendit t&#8217;ia \u00e7onte me kok\u00ebn e tij 6 dit\u00eb m\u00eb von\u00eb?<\/p>\n<p>N\u00ebse sipas k\u00ebtij, radha s&#8217;qenka e r\u00ebnd\u00ebsishme, edhe pse \u00ebsht\u00eb detyrim kushtetues, lind pyetja e pafajshme e \u00e7do f\u00ebmije: P\u00ebrse xhaxhi Dvorani nuk ia nisi n\u00eb fillim dy vakancat Kuvendit e pas 6 dit\u00ebsh t&#8217;ia \u00e7onte Presidentit? Se ke degjuar ti xhaxhi Dvorani, xhaxhi Gramozin dhe xhaxhi Ulsiun q\u00eb thon\u00eb \u00e7do dit\u00eb q\u00eb Parlamenti \u00ebsht\u00eb i pari se jemi Republik\u00eb Parlamentare, e jo Presidenciale?<\/p>\n<p>Mjafton \u00e7do f\u00ebmij\u00eb n\u00eb k\u00ebt\u00eb vend t\u00eb lexoj\u00eb vet\u00ebm letr\u00ebn e fundit zyrtare t\u00eb Presidentit t\u00eb Republik\u00ebs drejtuar Kryetarit t\u00eb Kuvendit, Kryetarit t\u00eb KED, Avokatit t\u00eb Popullit (p\u00ebr dijeni t\u00eb gjitha ambasadave t\u00eb vendeve t\u00eb BE dhe SHBA) dhe po k\u00ebshtu t\u00eb lexoj\u00eb letrat q\u00eb xhaxhi Gramozi me xhaxhi Dvoranin shk\u00ebmbejn\u00eb n\u00eb 8 n\u00ebntor q\u00eb t\u00eb ver\u00eb duart n\u00eb kok\u00eb p\u00ebr vendin ku po rritet dhe t\u00eb ardhmen q\u00eb e pret ketu.<\/p>\n<p>A nuk ndoqi Presidenti rrug\u00ebn institucionale duke shkuar vet\u00eb n\u00eb Prokurori p\u00ebrpara 100 dit\u00ebsh p\u00ebr kall\u00ebzimin penal ndaj Dvoranit i cili \u00e7do dit\u00eb q\u00eb rri n\u00eb at\u00eb detyr\u00eb p\u00ebrb\u00ebn nj\u00eb rrezik shtet\u00ebror dhe shoq\u00ebror? Cili ka qen\u00eb reagimi nga \u201cDrejt\u00ebsia e Re\u201d? Heshtje. Nd\u00ebrkoh\u00eb q\u00eb Prokuroria duhet t\u00eb niste vet\u00eb hetimin prej muajsh edhe ndaj celul\u00ebs mafioze dhe falsifikatore n\u00eb krye t\u00eb Ministris\u00eb s\u00eb Drejt\u00ebsis\u00eb q\u00eb kishte botuar n\u00eb m\u00ebnyr\u00eb t\u00eb paligjshme nj\u00eb vendim t\u00eb KED p\u00ebr q\u00ebllime mashtrimi t\u00eb opinionit publik e nd\u00ebrkombetar me objektiv t\u00eb vet\u00ebm rr\u00ebmbimin e shumic\u00ebs n\u00eb Gjykat\u00ebn Kushtetuese t\u00eb vendit.<\/p>\n<p>P\u00ebrse duhet shtyr\u00eb pafund nj\u00eb hetim kaq i thjesht\u00eb (p\u00ebr shkak t\u00eb flagranc\u00ebs skandaloze t\u00eb shum\u00eb veprave penale) q\u00eb ka t\u00eb b\u00ebj\u00eb me vet\u00eb Gjykat\u00ebn Kushtetuese? Sepse mafia thon\u00eb nuk e heton veten. Ndaj vendosi t\u00eb ngutet n\u00eb panik t\u00eb miratoj\u00eb n\u00eb m\u00ebnyr\u00eb t\u00eb pabes\u00eb ligjin anti-kushtetues &#8220;T\u00eb betimit buz\u00eb Lan\u00ebs&#8221; nj\u00eb dit\u00eb para mb\u00ebrritjes s\u00eb Komisionit t\u00eb Venecias duke shkelur \u00e7do kod t\u00eb sjelljes demokratike e institucionale dhe duke iu lutur p\u00ebrfaq\u00ebsuesve t\u00eb Komisionit t\u00eb Venecias q\u00eb t\u00eb mos iu p\u00ebrgjigjen pyetjeve q\u00eb Kuvendi u kishte drejtuar prej tre muajsh, me argumentin se &#8220;ne e votuam mbr\u00ebm\u00eb at\u00eb ligj. Po pse ju duhet me patjet\u00ebr ky ligji anti-kushtetues k\u00ebtyre? Q\u00eb Dvoranin, jo vet\u00ebm t\u00eb mos e nd\u00ebshkoj\u00eb drejt\u00ebsia p\u00ebr shkeljet e r\u00ebnda penale q\u00eb ka b\u00ebr\u00eb, por ta dekorojn\u00eb duke e futur p\u00ebrmes k\u00ebtij ligji anti-kushtetues nga oxhaku n\u00eb Gjykat\u00ebn Kushtetuese.<\/p>\n<p>Po k\u00ebshtu edhe at\u00eb ngel\u00ebsen e provimit t\u00eb Magjistratur\u00ebs, q\u00eb Dvorani e nxori t\u00eb par\u00ebn n\u00eb t\u00eb kat\u00ebr vakancat, si mund ta len\u00eb n\u00eb balt\u00eb, kur ajo p\u00ebr hir t\u00eb Partis\u00eb u betua n\u00eb Lan\u00eb. Dhe kuptohet q\u00eb kur Gjykata Kushtetuese t\u00eb mbushet me k\u00ebta, mos kini asnj\u00eb dyshim se Etilda do mbaj\u00eb nj\u00eb fjalim plot &#8220;Etik\u00eb&#8221; e madje do i dalin dhe lot g\u00ebzimi nga kontributi i saj p\u00ebr realizimin e kryeperl\u00ebs s\u00eb Ramaform\u00ebs.<\/p>\n<p>Ndaj t\u00eb dashur qytetar\u00eb, zgjohuni dhe ngrihuni se k\u00ebtu institucionet kan\u00eb r\u00ebn\u00eb p\u00ebrtok\u00eb. Ngrihuni p\u00ebr t\u00eb rivendosur sovranitetin tuaj t\u00eb n\u00ebp\u00ebrk\u00ebmbur p\u00ebrmes rivendosjes s\u00eb rendit kushtetues, demokratik dhe llogaridh\u00ebn\u00ebs.<\/p>\n<p>Mir\u00ebsevini n\u00eb Manifestimin historik dhe shembullor t\u00eb 2 marsit. Koha q\u00eb sovrani t\u00eb rimarre sovranitetin n\u00eb duart e tij! E gjith\u00eb bota demokratike ta shohe se jemi komb shqiponjash q\u00eb s&#8217;mund t\u00eb p\u00ebrdhosemi nga nj\u00eb band\u00eb sorrash.<\/p>","protected":false},"excerpt":{"rendered":"<p>Kur rr\u00ebzohen institucionet, ngrihet populli. P\u00ebrse Presidenti i drejtohet popullit? Sepse sovraniteti n\u00eb Republik\u00ebn e Shqip\u00ebris\u00eb i p\u00ebrket vet\u00ebm popullit shqiptar. T\u00eb gjith\u00eb ne t\u00eb tjer\u00ebt, p\u00ebrfshir\u00eb edhe Presidentin e Republik\u00ebs, jemi vet\u00ebm ushtrues t\u00eb p\u00ebrkohsh\u00ebm t\u00eb k\u00ebtij sovraniteti dhe asgj\u00eb m\u00eb shum\u00eb. Sa shkresa zyrtare i ka drejtuar Presidenti i Republik\u00ebs, Kuvendit dhe Kryetarit [&hellip;]<\/p>\n","protected":false},"author":2013,"featured_media":115531,"comment_status":"open","ping_status":"closed","sticky":false,"template":"","format":"standard","meta":{"footnotes":""},"categories":[241,235],"tags":[],"class_list":{"0":"post-122680","1":"post","2":"type-post","3":"status-publish","4":"format-standard","5":"has-post-thumbnail","7":"category-aktualitet","8":"category-vendi"},"_links":{"self":[{"href":"https:\/\/zjarr.tv\/en\/wp-json\/wp\/v2\/posts\/122680","targetHints":{"allow":["GET"]}}],"collection":[{"href":"https:\/\/zjarr.tv\/en\/wp-json\/wp\/v2\/posts"}],"about":[{"href":"https:\/\/zjarr.tv\/en\/wp-json\/wp\/v2\/types\/post"}],"author":[{"embeddable":true,"href":"https:\/\/zjarr.tv\/en\/wp-json\/wp\/v2\/users\/2013"}],"replies":[{"embeddable":true,"href":"https:\/\/zjarr.tv\/en\/wp-json\/wp\/v2\/comments?post=122680"}],"version-history":[{"count":0,"href":"https:\/\/zjarr.tv\/en\/wp-json\/wp\/v2\/posts\/122680\/revisions"}],"wp:featuredmedia":[{"embeddable":true,"href":"https:\/\/zjarr.tv\/en\/wp-json\/wp\/v2\/media\/115531"}],"wp:attachment":[{"href":"https:\/\/zjarr.tv\/en\/wp-json\/wp\/v2\/media?parent=122680"}],"wp:term":[{"taxonomy":"category","embeddable":true,"href":"https:\/\/zjarr.tv\/en\/wp-json\/wp\/v2\/categories?post=122680"},{"taxonomy":"post_tag","embeddable":true,"href":"https:\/\/zjarr.tv\/en\/wp-json\/wp\/v2\/tags?post=122680"}],"curies":[{"name":"wp","href":"https:\/\/api.w.org\/{rel}","templated":true}]}}