{"id":122693,"date":"2020-02-25T11:30:25","date_gmt":"2020-02-25T10:30:25","guid":{"rendered":"https:\/\/zjarr.tv\/?p=122693"},"modified":"2020-02-25T11:30:25","modified_gmt":"2020-02-25T10:30:25","slug":"te-premten-mblidhet-komisionit-hetimor-per-meten-deshmon-dvorani","status":"publish","type":"post","link":"https:\/\/zjarr.tv\/en\/te-premten-mblidhet-komisionit-hetimor-per-meten-deshmon-dvorani\/","title":{"rendered":"T\u00eb premten mblidhet Komisionit Hetimor p\u00ebr Met\u00ebn, d\u00ebshmon Dvorani"},"content":{"rendered":"<p>T\u00eb premten do t\u00eb mblidhet Komisioni Hetimor i ngritur p\u00ebr hetimin e veprimeve t\u00eb Presidentit Ilir Meta.<\/p>\n<p>N\u00eb seanc\u00ebn q\u00eb do t\u00eb mbahet n\u00eb or\u00ebn 13:00, \u00ebsht\u00eb parashikuar t\u00eb d\u00ebshmoj\u00eb kryetari i K\u00ebshillit t\u00eb Em\u00ebrimeve n\u00eb Drejt\u00ebsi Ardian Dvorani.<\/p>\n<p>Kreu i KED \u00ebsht\u00eb paditur m\u00eb her\u00ebt nga Presidenti Ilir Meta n\u00eb SPAK me akuz\u00ebn e \u201cshp\u00ebrdorimit t\u00eb detyr\u00ebs\u201d dhe \u201cp\u00ebrvet\u00ebsim i titullit apo detyr\u00ebs shtet\u00ebrore\u201d.<\/p>\n<p>Kreu i KED akuzohet nga Presidenti se \u201cka tentuar t\u00eb b\u00ebj\u00eb grusht shtetit\u201d, duke shkelur Kushtetut\u00ebn dhe ligjin p\u00ebr em\u00ebrimet n\u00eb Gjykat\u00ebn Kushtetutese.<\/p>\n<p>Nd\u00ebrkoh\u00eb, Komisioni Hetimor nisi pun\u00ebn n\u00eb ver\u00ebn e vitit t\u00eb kaluar, teksa ka shtyr\u00eb afatet p\u00ebr funksionimin e tij.<\/p>","protected":false},"excerpt":{"rendered":"<p>T\u00eb premten do t\u00eb mblidhet Komisioni Hetimor i ngritur p\u00ebr hetimin e veprimeve t\u00eb Presidentit Ilir Meta. N\u00eb seanc\u00ebn q\u00eb do t\u00eb mbahet n\u00eb or\u00ebn 13:00, \u00ebsht\u00eb parashikuar t\u00eb d\u00ebshmoj\u00eb kryetari i K\u00ebshillit t\u00eb Em\u00ebrimeve n\u00eb Drejt\u00ebsi Ardian Dvorani. Kreu i KED \u00ebsht\u00eb paditur m\u00eb her\u00ebt nga Presidenti Ilir Meta n\u00eb SPAK me akuz\u00ebn e [&hellip;]<\/p>\n","protected":false},"author":2013,"featured_media":122694,"comment_status":"open","ping_status":"closed","sticky":false,"template":"","format":"standard","meta":{"footnotes":""},"categories":[241,235],"tags":[],"class_list":{"0":"post-122693","1":"post","2":"type-post","3":"status-publish","4":"format-standard","5":"has-post-thumbnail","7":"category-aktualitet","8":"category-vendi"},"_links":{"self":[{"href":"https:\/\/zjarr.tv\/en\/wp-json\/wp\/v2\/posts\/122693","targetHints":{"allow":["GET"]}}],"collection":[{"href":"https:\/\/zjarr.tv\/en\/wp-json\/wp\/v2\/posts"}],"about":[{"href":"https:\/\/zjarr.tv\/en\/wp-json\/wp\/v2\/types\/post"}],"author":[{"embeddable":true,"href":"https:\/\/zjarr.tv\/en\/wp-json\/wp\/v2\/users\/2013"}],"replies":[{"embeddable":true,"href":"https:\/\/zjarr.tv\/en\/wp-json\/wp\/v2\/comments?post=122693"}],"version-history":[{"count":0,"href":"https:\/\/zjarr.tv\/en\/wp-json\/wp\/v2\/posts\/122693\/revisions"}],"wp:featuredmedia":[{"embeddable":true,"href":"https:\/\/zjarr.tv\/en\/wp-json\/wp\/v2\/media\/122694"}],"wp:attachment":[{"href":"https:\/\/zjarr.tv\/en\/wp-json\/wp\/v2\/media?parent=122693"}],"wp:term":[{"taxonomy":"category","embeddable":true,"href":"https:\/\/zjarr.tv\/en\/wp-json\/wp\/v2\/categories?post=122693"},{"taxonomy":"post_tag","embeddable":true,"href":"https:\/\/zjarr.tv\/en\/wp-json\/wp\/v2\/tags?post=122693"}],"curies":[{"name":"wp","href":"https:\/\/api.w.org\/{rel}","templated":true}]}}