{"id":122696,"date":"2020-02-25T11:31:39","date_gmt":"2020-02-25T10:31:39","guid":{"rendered":"https:\/\/zjarr.tv\/?p=122696"},"modified":"2020-02-25T11:31:39","modified_gmt":"2020-02-25T10:31:39","slug":"koronavirusi-ne-shqiperi-8-raste-te-dyshuara-por-dolen-negative","status":"publish","type":"post","link":"https:\/\/zjarr.tv\/en\/koronavirusi-ne-shqiperi-8-raste-te-dyshuara-por-dolen-negative\/","title":{"rendered":"Koronavirusi: N\u00eb Shqip\u00ebri 8 raste t\u00eb dyshuara por dol\u00ebn negative"},"content":{"rendered":"<p>Task-Forca e ngritur nga Ministria e Sh\u00ebndet\u00ebsis\u00eb p\u00ebr parandalimin e koronavirusit. N\u00eb nj\u00eb dalje p\u00ebr mediat, Eugena Tomini, nga ISHP, u shpreh se deri m\u00eb tani n\u00eb Shqip\u00ebri nuk \u00ebsht\u00eb evidentuar asnj\u00eb rast me koronavirus. Ajo u shpreh se kan\u00eb qen\u00eb n\u00eb total 8 raste t\u00eb dyshuara me k\u00ebt\u00eb infeksion, por pasa analizave t\u00eb kryera kan\u00eb rezultuar negative.<\/p>\n<p><strong>Eugena Tomini:<\/strong>\u00a0<em>Deri n\u00eb k\u00ebto momente nuk ka asnj\u00eb rast t\u00eb konfirmuar me Covid-19. Deri n\u00eb mbr\u00ebmjen e djeshme jan\u00eb testuar 8 raste t\u00eb dyshuar dhe kan\u00eb rezultuar negativ n\u00eb Institutin e Sh\u00ebndetit Publik. Theksojm\u00eb se diagnoza e koronavirusit kryhet vet\u00ebm nga laboratori i virologji\u00eb.\u00a0<\/em><\/p>\n<p><em>Nga survejanca e p\u00ebrforcuar n\u00eb t\u00eb gjitha pikat kufitare, jan\u00eb vler\u00ebsuar 4700 historik udh\u00ebtimi nga vendet e prekura me infeksion komunitar. Rekomandojm\u00eb p\u00ebr k\u00ebta persona, q\u00eb kan\u00eb historik udh\u00ebtimi n\u00eb zonat me infeksion komunitar, dhe q\u00eb kan\u00eb shfaqur shenja gripi, t\u00eb njoftojn\u00eb autoritet. Theksojm\u00eb dhe nj\u00ebher\u00eb shtimin e masave hijeno-sanitare.\u00a0<\/em><\/p>\n<p>M\u00eb tej, Tomini u shpreh se Ministria e Sh\u00ebndet\u00ebsis\u00eb po monitoron shitjen e maskave n\u00eb treg, pas njoftimeve p\u00ebr abuzim me \u00e7mimin e tyre.<\/p>\n<p><strong>Eugena Tomini:<\/strong>\u00a0<em>Tregu farmaceutik operon n\u00eb m\u00ebnyr\u00eb private, ne po e monitorojm\u00eb situat\u00ebn n\u00eb fjal\u00eb t\u00eb shitje s\u00eb maskave. Kemi eksperienc\u00ebn mjaft t\u00eb mir\u00eb t\u00eb rasteve q\u00eb kan\u00eb ardhur nga Kina. Ne i kemi vler\u00ebsuar k\u00ebto raste si\u00e7 \u00ebsht\u00eb vet\u00ebkarantinimi. \u00c7do linj\u00eb e ardhur nga Italia monitorohet dhe vler\u00ebsohet n\u00eb baz\u00eb t\u00eb masave t\u00eb rekomanduara nga OBSH. Udh\u00ebtar\u00ebt kan\u00eb marr\u00eb udh\u00ebzimin e duhur p\u00ebr vet\u00ebkarantinim.\u00a0<\/em><\/p>\n<p><em>N\u00eb t\u00eb gjith\u00eb sistemin shkollor jan\u00eb marr\u00eb masat e duhura p\u00ebr t\u00eb shtuar masat hijeno-sanitare. \u00cbsht\u00eb p\u00ebrgjegj\u00ebsi e \u00e7do institucioni arsimor p\u00ebr t\u00eb monitoruar situat\u00ebn hijeno-sanitare. \u00a0\u00cbsht\u00eb nj\u00eb infeksion respirator q\u00eb transmetohet n\u00ebp\u00ebrmjet sp\u00ebrklave. Edhe kjo viroz\u00eb n\u00eb vazhdim\u00ebsi do t\u00eb ket\u00eb nj\u00eb tendenc\u00eb ulje. Realisht ka disa kritere p\u00ebr t\u00eb vendosur n\u00ebse ky pacient duhet t\u00eb testohet apo jo.\u00a0<\/em><\/p>","protected":false},"excerpt":{"rendered":"<p>Task-Forca e ngritur nga Ministria e Sh\u00ebndet\u00ebsis\u00eb p\u00ebr parandalimin e koronavirusit. N\u00eb nj\u00eb dalje p\u00ebr mediat, Eugena Tomini, nga ISHP, u shpreh se deri m\u00eb tani n\u00eb Shqip\u00ebri nuk \u00ebsht\u00eb evidentuar asnj\u00eb rast me koronavirus. Ajo u shpreh se kan\u00eb qen\u00eb n\u00eb total 8 raste t\u00eb dyshuara me k\u00ebt\u00eb infeksion, por pasa analizave t\u00eb kryera [&hellip;]<\/p>\n","protected":false},"author":2013,"featured_media":122697,"comment_status":"open","ping_status":"closed","sticky":false,"template":"","format":"standard","meta":{"footnotes":""},"categories":[241,235],"tags":[],"class_list":{"0":"post-122696","1":"post","2":"type-post","3":"status-publish","4":"format-standard","5":"has-post-thumbnail","7":"category-aktualitet","8":"category-vendi"},"_links":{"self":[{"href":"https:\/\/zjarr.tv\/en\/wp-json\/wp\/v2\/posts\/122696","targetHints":{"allow":["GET"]}}],"collection":[{"href":"https:\/\/zjarr.tv\/en\/wp-json\/wp\/v2\/posts"}],"about":[{"href":"https:\/\/zjarr.tv\/en\/wp-json\/wp\/v2\/types\/post"}],"author":[{"embeddable":true,"href":"https:\/\/zjarr.tv\/en\/wp-json\/wp\/v2\/users\/2013"}],"replies":[{"embeddable":true,"href":"https:\/\/zjarr.tv\/en\/wp-json\/wp\/v2\/comments?post=122696"}],"version-history":[{"count":0,"href":"https:\/\/zjarr.tv\/en\/wp-json\/wp\/v2\/posts\/122696\/revisions"}],"wp:featuredmedia":[{"embeddable":true,"href":"https:\/\/zjarr.tv\/en\/wp-json\/wp\/v2\/media\/122697"}],"wp:attachment":[{"href":"https:\/\/zjarr.tv\/en\/wp-json\/wp\/v2\/media?parent=122696"}],"wp:term":[{"taxonomy":"category","embeddable":true,"href":"https:\/\/zjarr.tv\/en\/wp-json\/wp\/v2\/categories?post=122696"},{"taxonomy":"post_tag","embeddable":true,"href":"https:\/\/zjarr.tv\/en\/wp-json\/wp\/v2\/tags?post=122696"}],"curies":[{"name":"wp","href":"https:\/\/api.w.org\/{rel}","templated":true}]}}