{"id":122712,"date":"2020-02-25T14:13:55","date_gmt":"2020-02-25T13:13:55","guid":{"rendered":"https:\/\/zjarr.tv\/?p=122712"},"modified":"2020-02-25T14:13:55","modified_gmt":"2020-02-25T13:13:55","slug":"hyn-deputeti-i-pare-me-origjine-shqiptare-ne-parlamentin-e-hamburgut","status":"publish","type":"post","link":"https:\/\/zjarr.tv\/en\/hyn-deputeti-i-pare-me-origjine-shqiptare-ne-parlamentin-e-hamburgut\/","title":{"rendered":"Hyn deputeti i par\u00eb me origjin\u00eb shqiptare, n\u00eb Parlamentin e Hamburgut"},"content":{"rendered":"<p>Kandidati i Partis\u00eb Socialdemokrate (SPD) me origjin\u00eb nga Pozharani i Vitis\u00eb n\u00eb Kosov\u00eb, b\u00ebhet deputeti i par\u00eb me origjin\u00eb shqiptare n\u00eb Parlamentin e Hamburgut.<\/p>\n<p>35-vje\u00e7ari \u00ebsht\u00eb nj\u00eb biznesmen i njohur n\u00eb Hamburg, shkruan Deutsche Welle.<\/p>\n<p>Sami Musa ka kandidaur n\u00eb list\u00ebn e Partis\u00eb Socialdemokrate, e cila n\u00eb zgjedhjet e dit\u00ebs s\u00eb diel\u00eb (23 shkurt) ka fituar m\u00eb shm\u00eb se 39% t\u00eb votave dhe ka z\u00ebn\u00eb vendin e par\u00eb n\u00eb k\u00ebt\u00eb qytet\/land.<\/p>\n<p>N\u00eb k\u00ebt\u00eb m\u00ebnyr\u00eb, SPD do t\u00eb mbetet n\u00eb pushtet, ndon\u00ebse ka sh\u00ebnuar nj\u00eb r\u00ebnie te votave prej m\u00eb shum\u00eb se 6%. Por partineri i deritanish\u00ebm i SPD n\u00eb koalicion, ekologjist\u00ebt, kan\u00eb dyfishuar numrin e votave (me mbi 24%) dhe n\u00eb k\u00ebt\u00eb m\u00ebnyr\u00eb, sipas t\u00eb gjitha gjasave, jo vet\u00ebm q\u00eb do t\u00eb vazhdojn\u00eb qeverisjen e p\u00ebrbashk\u00ebt, por do t\u00eb forcojn\u00eb pushtetin.<\/p>\n<p>Pjes\u00eb e pushtetit do t\u00eb jet\u00eb pra edhe deputeti i ri me origjin\u00eb nga Kosova, Sami Musa. Babai i tij Xhelil Musa\u00a0\u00ebsht\u00eb me origjin\u00eb nga Pozharani i Vitis\u00eb, nd\u00ebrsa n\u00ebna me origjin\u00eb nga Austria.<\/p>\n<p>Lajmin p\u00ebr fitoren e Sami Mus\u00ebs e ka konfirmuar qysh dit\u00ebn e djeshme p\u00ebr Deutsche Wellen babai i tij Xhelil Musa, nj\u00eb afarist i kahersh\u00ebm n\u00eb Hamburg.<\/p>\n<p>M\u00eb von\u00eb t\u00eb gjith\u00eb zgjedh\u00ebsit ka fal\u00ebnderuar edhe vet Sami Musa, i cili premton realizimin e objektivave t\u00eb premtuara gjat\u00eb fushat\u00ebs elektrorale.<\/p>\n<p>&#8220;Po i kam fituar 3661 vota dhe besoj se jam brenda n\u00eb parlamentin e Hamburgut&#8221;, konfirmon Sami Musa. Deputeti i ri i Hamburgut ka fal\u00ebnderuar t\u00eb gjith\u00eb ndihm\u00ebsit dhe zgjedh\u00ebsit, me fjal\u00ebt se &#8220;votuesit jan\u00eb angazhuar p\u00ebr demokraci&#8221;, nd\u00ebsa ai premton se do t\u00eb angazhohet me t\u00eb gjitha mjetet p\u00ebr realizimin e premtimeve dhe vlerave demorkatike. &#8220;Un\u00eb nuk dua t\u00eb pres q\u00eb vet\u00ebm t\u00eb tjer\u00ebt t\u00eb punojn\u00eb p\u00ebr mua dhe p\u00ebr ne, por dua t\u00eb jap kontributin tim q\u00eb gj\u00ebrat t&#8217;i ndryshoj\u00eb s\u00eb bashku&#8221;, thot\u00eb p\u00ebr DW, Sami Musa.<\/p>\n<p>Lajmin se Sami Musa do t\u00eb jet\u00eb pjes\u00eb e parlamentit t\u00eb Hamburgut e kan\u00eb botuar publikuar nd\u00ebrkoh\u00eb jo vet\u00ebm familja e tij, por edhe mediat gjermane.<\/p>","protected":false},"excerpt":{"rendered":"<p>Kandidati i Partis\u00eb Socialdemokrate (SPD) me origjin\u00eb nga Pozharani i Vitis\u00eb n\u00eb Kosov\u00eb, b\u00ebhet deputeti i par\u00eb me origjin\u00eb shqiptare n\u00eb Parlamentin e Hamburgut. 35-vje\u00e7ari \u00ebsht\u00eb nj\u00eb biznesmen i njohur n\u00eb Hamburg, shkruan Deutsche Welle. Sami Musa ka kandidaur n\u00eb list\u00ebn e Partis\u00eb Socialdemokrate, e cila n\u00eb zgjedhjet e dit\u00ebs s\u00eb diel\u00eb (23 shkurt) ka [&hellip;]<\/p>\n","protected":false},"author":2013,"featured_media":122713,"comment_status":"open","ping_status":"closed","sticky":false,"template":"","format":"standard","meta":{"footnotes":""},"categories":[241,235],"tags":[],"class_list":{"0":"post-122712","1":"post","2":"type-post","3":"status-publish","4":"format-standard","5":"has-post-thumbnail","7":"category-aktualitet","8":"category-vendi"},"_links":{"self":[{"href":"https:\/\/zjarr.tv\/en\/wp-json\/wp\/v2\/posts\/122712","targetHints":{"allow":["GET"]}}],"collection":[{"href":"https:\/\/zjarr.tv\/en\/wp-json\/wp\/v2\/posts"}],"about":[{"href":"https:\/\/zjarr.tv\/en\/wp-json\/wp\/v2\/types\/post"}],"author":[{"embeddable":true,"href":"https:\/\/zjarr.tv\/en\/wp-json\/wp\/v2\/users\/2013"}],"replies":[{"embeddable":true,"href":"https:\/\/zjarr.tv\/en\/wp-json\/wp\/v2\/comments?post=122712"}],"version-history":[{"count":0,"href":"https:\/\/zjarr.tv\/en\/wp-json\/wp\/v2\/posts\/122712\/revisions"}],"wp:featuredmedia":[{"embeddable":true,"href":"https:\/\/zjarr.tv\/en\/wp-json\/wp\/v2\/media\/122713"}],"wp:attachment":[{"href":"https:\/\/zjarr.tv\/en\/wp-json\/wp\/v2\/media?parent=122712"}],"wp:term":[{"taxonomy":"category","embeddable":true,"href":"https:\/\/zjarr.tv\/en\/wp-json\/wp\/v2\/categories?post=122712"},{"taxonomy":"post_tag","embeddable":true,"href":"https:\/\/zjarr.tv\/en\/wp-json\/wp\/v2\/tags?post=122712"}],"curies":[{"name":"wp","href":"https:\/\/api.w.org\/{rel}","templated":true}]}}