{"id":122715,"date":"2020-02-25T14:56:08","date_gmt":"2020-02-25T13:56:08","guid":{"rendered":"https:\/\/zjarr.tv\/?p=122715"},"modified":"2020-02-25T14:56:08","modified_gmt":"2020-02-25T13:56:08","slug":"koronavirusi-lulzim-basha-qeverise-ndalo-propaganden-shpall-urgjent-planin-e-masave","status":"publish","type":"post","link":"https:\/\/zjarr.tv\/en\/koronavirusi-lulzim-basha-qeverise-ndalo-propaganden-shpall-urgjent-planin-e-masave\/","title":{"rendered":"Koronavirusi, Lulzim Basha &#8211; qeveris\u00eb: Ndalo propagand\u00ebn, shpall urgjent planin e masave!"},"content":{"rendered":"<p><strong>Nga Lulzim Basha.<\/strong><\/p>\n<p>Qeveria duhet t\u00eb ndal\u00eb menj\u00ebher\u00eb propagand\u00ebn dhe t\u00eb marr\u00eb masa konkrete p\u00ebr kontrollin e qytetar\u00ebve q\u00eb vijn\u00eb nga Italia, kryesisht nga rajonet ku corona virusi ka p\u00ebrhapjen m\u00eb t\u00eb madhe.<\/p>\n<p>K\u00ebto masa nuk mund t\u00eb jen\u00eb show televiziv, por kontrolle t\u00eb plota n\u00eb t\u00eb gjitha pikat hyr\u00ebse n\u00eb Shqip\u00ebri. \u00cbsht\u00eb urgjent hartimi dhe shpallja e planit t\u00eb masave dhe informimi i qytetar\u00ebve si duhet t\u00eb veprojn\u00eb n\u00eb rast t\u00eb dyshimit se jan\u00eb t\u00eb prekur nga corona virus.<\/p>\n<p>Nd\u00ebrkoh\u00eb q\u00eb Shqip\u00ebria ndodhet p\u00ebrball\u00eb rrezikut potencial t\u00eb prekjes nga corona virus, mij\u00ebra bashk\u00ebqytetar\u00eb ndodhen n\u00eb kushte t\u00eb mjerueshme p\u00ebr shkak t\u00eb t\u00ebrmetit t\u00eb 26 n\u00ebntorit. N\u00eb munges\u00eb t\u00eb nj\u00eb strehe ata jetojn\u00eb ende n\u00eb \u00e7adra ose jan\u00eb rikthyer n\u00eb banesat e d\u00ebmtuara, n\u00eb kushte aspak t\u00eb favorshme higjenosanitare dhe me mungesa t\u00eb theksuar n\u00eb ushqime.<\/p>\n<p><strong>\u00cbsht\u00eb neglizhenc\u00eb kriminale t\u00eb humbet akoma koh\u00eb, kur duhen marre masa urgjente p\u00ebr strehimin apo sigurimin e konteniereve p\u00ebr banor\u00ebt q\u00eb jetojn\u00eb n\u00eb \u00e7adra, \u00e7ka ka sjell\u00eb dhe gjendje t\u00eb r\u00ebnduar sh\u00ebndet\u00ebsore dhe kushte aspak t\u00eb p\u00ebrshtatshme higjeno-sanitare p\u00ebr ta.<\/strong><\/p>\n<p>Njer\u00ebzit jan\u00eb t\u00eb shqet\u00ebsuar me t\u00eb drejt\u00eb, ndaj \u00ebsht\u00eb koha q\u00eb t\u00eb flasin mjek\u00ebt dhe t\u00eb izolohet propaganda.<\/p>\n<p>Dhe nj\u00ebher\u00eb u b\u00ebj thirrje qytetar\u00ebve q\u00eb t\u00eb mos neglizhojn\u00eb asnj\u00eb shenj\u00eb r\u00ebndimi apo p\u00ebrkeq\u00ebsimi t\u00eb sh\u00ebndetit t\u00eb tyre por t&#8217;u drejtohen mjek\u00ebve dhe specialist\u00ebve t\u00eb fush\u00ebs. Ne kemi personel t\u00eb shk\u00eblqyer mjek\u00ebsor q\u00eb nuk k\u00ebrkon asgj\u00eb m\u00eb shum\u00eb se plot\u00ebsimin e kushteve dhe nevojave p\u00ebr t\u00eb p\u00ebrballuar \u00e7do situat\u00eb<\/p>\n<p><strong>Detyra e qeveris\u00eb \u00ebsht\u00eb t\u00eb siguroj\u00eb k\u00ebto kushte dhe jo t\u00eb b\u00ebj\u00eb show dhe propagand\u00eb. Jam i bindur se n\u00ebse vihen n\u00eb dispozicion mjetet e nevojshme, mjek\u00ebt tan\u00eb do t\u00eb p\u00ebrballojn\u00eb me sukses \u00e7do situat\u00eb q\u00eb mund t\u00eb krijohet.<\/strong><\/p>","protected":false},"excerpt":{"rendered":"<p>Nga Lulzim Basha. Qeveria duhet t\u00eb ndal\u00eb menj\u00ebher\u00eb propagand\u00ebn dhe t\u00eb marr\u00eb masa konkrete p\u00ebr kontrollin e qytetar\u00ebve q\u00eb vijn\u00eb nga Italia, kryesisht nga rajonet ku corona virusi ka p\u00ebrhapjen m\u00eb t\u00eb madhe. K\u00ebto masa nuk mund t\u00eb jen\u00eb show televiziv, por kontrolle t\u00eb plota n\u00eb t\u00eb gjitha pikat hyr\u00ebse n\u00eb Shqip\u00ebri. \u00cbsht\u00eb urgjent hartimi [&hellip;]<\/p>\n","protected":false},"author":2013,"featured_media":105672,"comment_status":"open","ping_status":"closed","sticky":false,"template":"","format":"standard","meta":{"footnotes":""},"categories":[241,235],"tags":[],"class_list":{"0":"post-122715","1":"post","2":"type-post","3":"status-publish","4":"format-standard","5":"has-post-thumbnail","7":"category-aktualitet","8":"category-vendi"},"_links":{"self":[{"href":"https:\/\/zjarr.tv\/en\/wp-json\/wp\/v2\/posts\/122715","targetHints":{"allow":["GET"]}}],"collection":[{"href":"https:\/\/zjarr.tv\/en\/wp-json\/wp\/v2\/posts"}],"about":[{"href":"https:\/\/zjarr.tv\/en\/wp-json\/wp\/v2\/types\/post"}],"author":[{"embeddable":true,"href":"https:\/\/zjarr.tv\/en\/wp-json\/wp\/v2\/users\/2013"}],"replies":[{"embeddable":true,"href":"https:\/\/zjarr.tv\/en\/wp-json\/wp\/v2\/comments?post=122715"}],"version-history":[{"count":0,"href":"https:\/\/zjarr.tv\/en\/wp-json\/wp\/v2\/posts\/122715\/revisions"}],"wp:featuredmedia":[{"embeddable":true,"href":"https:\/\/zjarr.tv\/en\/wp-json\/wp\/v2\/media\/105672"}],"wp:attachment":[{"href":"https:\/\/zjarr.tv\/en\/wp-json\/wp\/v2\/media?parent=122715"}],"wp:term":[{"taxonomy":"category","embeddable":true,"href":"https:\/\/zjarr.tv\/en\/wp-json\/wp\/v2\/categories?post=122715"},{"taxonomy":"post_tag","embeddable":true,"href":"https:\/\/zjarr.tv\/en\/wp-json\/wp\/v2\/tags?post=122715"}],"curies":[{"name":"wp","href":"https:\/\/api.w.org\/{rel}","templated":true}]}}