{"id":122726,"date":"2020-02-25T15:35:08","date_gmt":"2020-02-25T14:35:08","guid":{"rendered":"https:\/\/zjarr.tv\/?p=122726"},"modified":"2020-02-25T15:35:08","modified_gmt":"2020-02-25T14:35:08","slug":"komisioneri-publik-kerkon-shkarkimin-e-kryeprokurores-se-durresit","status":"publish","type":"post","link":"https:\/\/zjarr.tv\/en\/komisioneri-publik-kerkon-shkarkimin-e-kryeprokurores-se-durresit\/","title":{"rendered":"Komisioneri publik k\u00ebrkon shkarkimin e kryeprokurores s\u00eb Durr\u00ebsit"},"content":{"rendered":"<p>Komisioneri Publik k\u00ebrkon shkarkimin nga detyra t\u00eb Anita Jell\u00ebs, me funksion prokurore\/Drejtuese n\u00eb Prokurorin\u00eb pran\u00eb Gjykat\u00ebs s\u00eb Shkall\u00ebs s\u00eb Par\u00eb, Durr\u00ebs. Brenda afatit ligjor, Komisioneri publik ankimoi vendimin e KPK n\u00eb Kolegjin e Posa\u00e7\u00ebm t\u00eb Apelimit.<\/p>\n<p><em>&#8220;Konsiderojm\u00eb se ndryshe nga sa disponon Komisioni i Pavarur i Kualifikimit p\u00ebr t\u00eb tria kriteret e rivler\u00ebsimit, referuar gjendjes s\u00eb fakteve dhe provave, n\u00eb rastin konkret dhe t\u00eb ligjit t\u00eb zbatuesh\u00ebm, Komisioneri Publik ndan gjykim t\u00eb kund\u00ebrt, pasi vler\u00ebson se subjekti i rivler\u00ebsimit nuk arrin nivel t\u00eb besuesh\u00ebm p\u00ebr konfirmimin n\u00eb detyr\u00eb&#8221;,<\/em>\u00a0thuhet n\u00eb njoftim.<\/p>\n<p>Po ashtu Komisioneri Publik, pasi vler\u00ebsoi t\u00eb drejt\u00eb dhe ndan t\u00eb nj\u00ebjtin q\u00ebndrim me rekomandimin e ONM-s\u00eb, gjetjen dhe opinionin e v\u00ebzhguesit nd\u00ebrkomb\u00ebtar, k\u00ebrkon nga Kolegji i Posa\u00e7\u00ebm i Apelimit t\u00eb mund\u00ebsoj\u00eb trajtimin e k\u00ebtij ankimi me prioritet n\u00eb koh\u00eb, si dhe n\u00eb zbatim t\u00eb nenit 66, pika 1, germa \u201cb\u201d, t\u00eb ligjit nr. 84\/2016, dhe n\u00eb p\u00ebrfundim t\u00eb shqyrtimit t\u00eb \u00e7\u00ebshtjes n\u00eb seanc\u00eb publike, t\u00eb vendos\u00eb ndryshimin e vendimit nr. 221, dat\u00eb 10.12.2019, t\u00eb Komisionit t\u00eb Pavarur t\u00eb Kualifikimit, dhe shkarkimin nga detyra t\u00eb subjektit t\u00eb rivler\u00ebsimit, znj. Anita Jella.<\/p>","protected":false},"excerpt":{"rendered":"<p>Komisioneri Publik k\u00ebrkon shkarkimin nga detyra t\u00eb Anita Jell\u00ebs, me funksion prokurore\/Drejtuese n\u00eb Prokurorin\u00eb pran\u00eb Gjykat\u00ebs s\u00eb Shkall\u00ebs s\u00eb Par\u00eb, Durr\u00ebs. Brenda afatit ligjor, Komisioneri publik ankimoi vendimin e KPK n\u00eb Kolegjin e Posa\u00e7\u00ebm t\u00eb Apelimit. &#8220;Konsiderojm\u00eb se ndryshe nga sa disponon Komisioni i Pavarur i Kualifikimit p\u00ebr t\u00eb tria kriteret e rivler\u00ebsimit, referuar gjendjes [&hellip;]<\/p>\n","protected":false},"author":2013,"featured_media":122727,"comment_status":"open","ping_status":"closed","sticky":false,"template":"","format":"standard","meta":{"footnotes":""},"categories":[241,235],"tags":[],"class_list":{"0":"post-122726","1":"post","2":"type-post","3":"status-publish","4":"format-standard","5":"has-post-thumbnail","7":"category-aktualitet","8":"category-vendi"},"_links":{"self":[{"href":"https:\/\/zjarr.tv\/en\/wp-json\/wp\/v2\/posts\/122726","targetHints":{"allow":["GET"]}}],"collection":[{"href":"https:\/\/zjarr.tv\/en\/wp-json\/wp\/v2\/posts"}],"about":[{"href":"https:\/\/zjarr.tv\/en\/wp-json\/wp\/v2\/types\/post"}],"author":[{"embeddable":true,"href":"https:\/\/zjarr.tv\/en\/wp-json\/wp\/v2\/users\/2013"}],"replies":[{"embeddable":true,"href":"https:\/\/zjarr.tv\/en\/wp-json\/wp\/v2\/comments?post=122726"}],"version-history":[{"count":0,"href":"https:\/\/zjarr.tv\/en\/wp-json\/wp\/v2\/posts\/122726\/revisions"}],"wp:featuredmedia":[{"embeddable":true,"href":"https:\/\/zjarr.tv\/en\/wp-json\/wp\/v2\/media\/122727"}],"wp:attachment":[{"href":"https:\/\/zjarr.tv\/en\/wp-json\/wp\/v2\/media?parent=122726"}],"wp:term":[{"taxonomy":"category","embeddable":true,"href":"https:\/\/zjarr.tv\/en\/wp-json\/wp\/v2\/categories?post=122726"},{"taxonomy":"post_tag","embeddable":true,"href":"https:\/\/zjarr.tv\/en\/wp-json\/wp\/v2\/tags?post=122726"}],"curies":[{"name":"wp","href":"https:\/\/api.w.org\/{rel}","templated":true}]}}