{"id":122729,"date":"2020-02-25T15:42:35","date_gmt":"2020-02-25T14:42:35","guid":{"rendered":"https:\/\/zjarr.tv\/?p=122729"},"modified":"2020-02-25T15:42:35","modified_gmt":"2020-02-25T14:42:35","slug":"tete-kandidate-per-kreun-e-bkh-caktohen-datat-e-intervistes","status":"publish","type":"post","link":"https:\/\/zjarr.tv\/en\/tete-kandidate-per-kreun-e-bkh-caktohen-datat-e-intervistes\/","title":{"rendered":"Tet\u00eb kandidat\u00eb p\u00ebr kreun e BKH, caktohen datat e intervist\u00ebs"},"content":{"rendered":"<p>T\u00eb m\u00ebrkur\u00ebn dhe t\u00eb enjten (26 dhe 27 shkurt) tet\u00eb kandidat\u00ebt p\u00ebr Byron\u00eb Komb\u00ebtare t\u00eb Hetimit do t\u00eb zhvillojn\u00eb intervistimin. Lajmin e b\u00ebri t\u00eb ditur BKH me an\u00eb t\u00eb nj\u00eb komunikate p\u00ebr mediat, ky theksohet se intervistomi do t\u00eb b\u00ebhet n\u00eb sall\u00ebn e mbledhjes s\u00eb SPAK.<\/p>\n<p>\u00c7do kandidat do t\u00eb ket\u00eb nj\u00eb or\u00eb n\u00eb dispozicion, p\u00ebr t\u2019iu p\u00ebrgjigjur pyetjeve t\u00eb an\u00ebtar\u00ebve t\u00eb Komisionit t\u00eb P\u00ebrzgjedhjes. I gjith\u00eb procesi do t\u00eb monitorohet nga Komisioni i Pavaruar i Rishikimit Komisioni Nd\u00ebrkomb\u00ebtar.<\/p>\n<p>T\u00eb m\u00ebrkur\u00ebn do t\u00eb intervistohen Aida Veizaj, Ardian \u00c7ipa, Artur Beu dhe Ervin Hodaj, nd\u00ebrsa t\u00eb m\u00ebrkur\u00ebn Gentian Shehaj, Lindita Nushi, Idajet Faskaj dhe Ylli Pjet\u00ebrnikaj. T\u00eb gjith\u00eb kandidat\u00ebt do t\u00eb ken\u00eb nj\u00eb or\u00eb koh\u00eb n\u00eb dispozicion p\u00ebr t\u00eb shpalosur platform\u00ebn e tyre p\u00ebr drejtimin e BKH.<\/p>\n<p>Nd\u00ebrkoh\u00eb, BKH ka b\u00ebr\u00eb edhe nj\u00eb sqarim, sipas tyre p\u00ebr spekulimet mediatike, n\u00eb lidhje me kandidat\u00ebt q\u00eb kan\u00eb ngelur n\u00eb testin e poligrafit.<\/p>\n<p><strong>Sqarimi i BKH:<\/strong>\u00a0<em>Komisioni i P\u00ebrzgjedhjes gjithashtu sqaron q\u00eb spekullimet n\u00eb media n\u00eb lidhje me numrin e kandidat\u00ebve q\u00eb mund t\u00eb ken\u00eb ngelur n\u00eb testin e poligrafit nuk jan\u00eb t\u00eb v\u00ebrteta. Rezultatet e testeve t\u00eb poligrafit jan\u00eb konfidenciale dhe rregullat p\u00ebr aksesimin e nj\u00eb informacioni t\u00eb till\u00eb jan\u00eb shum\u00eb t\u00eb rrepta. Sikurse \u00ebsht\u00eb p\u00ebrcaktuar n\u00eb Ligjin Nr.95\/2016 p\u00ebr SPAK-un, raportet e ekzaminimeve t\u00eb poligrafit \u2018do t\u00eb merren n\u00eb konsiderat\u00eb\u2019 nga Komisioni i P\u00ebrzgjedhjes p\u00ebr t\u00eb p\u00ebrzgjedhur kandidatin m\u00eb t\u00eb mir\u00eb q\u00eb do t\u00eb em\u00ebrohet Drejtor i BKH-s\u00eb.<\/em><\/p>","protected":false},"excerpt":{"rendered":"<p>T\u00eb m\u00ebrkur\u00ebn dhe t\u00eb enjten (26 dhe 27 shkurt) tet\u00eb kandidat\u00ebt p\u00ebr Byron\u00eb Komb\u00ebtare t\u00eb Hetimit do t\u00eb zhvillojn\u00eb intervistimin. Lajmin e b\u00ebri t\u00eb ditur BKH me an\u00eb t\u00eb nj\u00eb komunikate p\u00ebr mediat, ky theksohet se intervistomi do t\u00eb b\u00ebhet n\u00eb sall\u00ebn e mbledhjes s\u00eb SPAK. \u00c7do kandidat do t\u00eb ket\u00eb nj\u00eb or\u00eb n\u00eb dispozicion, [&hellip;]<\/p>\n","protected":false},"author":2013,"featured_media":122730,"comment_status":"open","ping_status":"closed","sticky":false,"template":"","format":"standard","meta":{"footnotes":""},"categories":[241,235],"tags":[],"class_list":{"0":"post-122729","1":"post","2":"type-post","3":"status-publish","4":"format-standard","5":"has-post-thumbnail","7":"category-aktualitet","8":"category-vendi"},"_links":{"self":[{"href":"https:\/\/zjarr.tv\/en\/wp-json\/wp\/v2\/posts\/122729","targetHints":{"allow":["GET"]}}],"collection":[{"href":"https:\/\/zjarr.tv\/en\/wp-json\/wp\/v2\/posts"}],"about":[{"href":"https:\/\/zjarr.tv\/en\/wp-json\/wp\/v2\/types\/post"}],"author":[{"embeddable":true,"href":"https:\/\/zjarr.tv\/en\/wp-json\/wp\/v2\/users\/2013"}],"replies":[{"embeddable":true,"href":"https:\/\/zjarr.tv\/en\/wp-json\/wp\/v2\/comments?post=122729"}],"version-history":[{"count":0,"href":"https:\/\/zjarr.tv\/en\/wp-json\/wp\/v2\/posts\/122729\/revisions"}],"wp:featuredmedia":[{"embeddable":true,"href":"https:\/\/zjarr.tv\/en\/wp-json\/wp\/v2\/media\/122730"}],"wp:attachment":[{"href":"https:\/\/zjarr.tv\/en\/wp-json\/wp\/v2\/media?parent=122729"}],"wp:term":[{"taxonomy":"category","embeddable":true,"href":"https:\/\/zjarr.tv\/en\/wp-json\/wp\/v2\/categories?post=122729"},{"taxonomy":"post_tag","embeddable":true,"href":"https:\/\/zjarr.tv\/en\/wp-json\/wp\/v2\/tags?post=122729"}],"curies":[{"name":"wp","href":"https:\/\/api.w.org\/{rel}","templated":true}]}}