{"id":122741,"date":"2020-02-25T15:57:13","date_gmt":"2020-02-25T14:57:13","guid":{"rendered":"https:\/\/zjarr.tv\/?p=122741"},"modified":"2020-02-25T15:57:13","modified_gmt":"2020-02-25T14:57:13","slug":"del-jashte-funksioni-autotransformatori-300-mw-ne-nenstacionin-e-tiranes-i-dyti-brenda-1-viti","status":"publish","type":"post","link":"https:\/\/zjarr.tv\/en\/del-jashte-funksioni-autotransformatori-300-mw-ne-nenstacionin-e-tiranes-i-dyti-brenda-1-viti\/","title":{"rendered":"Del jasht\u00eb funksioni autotransformatori 300 MW n\u00eb n\u00ebnstacionin e Tiran\u00ebs, i dyti brenda 1 viti"},"content":{"rendered":"<p>Del jasht\u00eb funksionit autotransformatori 300 MW n\u00eb n\u00ebnstacionin 400 kV Tiran\u00eb. Mosfunksionimi i k\u00ebtij autotransformatori pritet t\u00eb sjell\u00eb probleme t\u00eb furnizimit me energji elektrike. Ky \u00ebsht\u00eb Autotransformatori i dyt\u00eb q\u00eb del jasht\u00eb pune n\u00eb n\u00ebnstacionin 400kV Tiran\u00eb brenda harkut kohor t\u00eb 1 viti.<\/p>\n<p>Kjo situat\u00eb r\u00ebndon s\u00eb tep\u00ebrmi marrjen e energjis\u00eb elektrike nga importi, sidomos n\u00eb kushtet kur niveli n\u00eb HEC Fierz\u00eb \u00ebsht\u00eb 271 metra, me prurje n\u00eb HEC Fierz\u00eb 100 met\u00ebr kub n\u00eb sekond\u00eb (100m3\/s). Dy autotranformator\u00ebt jan\u00eb nga m\u00eb t\u00eb m\u00ebdhenjt\u00eb n\u00eb Ballkan.<\/p>\n<p>N\u00eb dhjetor OST hapi gar\u00ebn p\u00ebr blerjen e Autotransformatorit t\u00eb par\u00eb q\u00eb u d\u00ebmtua me fondin 3 miliard lek\u00eb t\u00eb vjetra. Oferta fituese ishte m\u00eb e shtrenjta nga 2 ofertat e tjera.<\/p>\n<p>Seria e d\u00ebmtimeve q\u00eb po ndodh me asetet e sistemit energjetik, v\u00eb n\u00eb dyshim shkakun e d\u00ebmtimeve t\u00eb k\u00ebtyre Auto-transformator\u00ebve. A vjen kjo si pasoj\u00eb e pa aft\u00ebsis\u00eb, apo nga keq menaxhimi dhe mos mir\u00ebmbajtja e q\u00ebllimshme, p\u00ebr t\u00eb shkuar drejt tender\u00ebve korruptiv\u00eb ?<\/p>","protected":false},"excerpt":{"rendered":"<p>Del jasht\u00eb funksionit autotransformatori 300 MW n\u00eb n\u00ebnstacionin 400 kV Tiran\u00eb. Mosfunksionimi i k\u00ebtij autotransformatori pritet t\u00eb sjell\u00eb probleme t\u00eb furnizimit me energji elektrike. Ky \u00ebsht\u00eb Autotransformatori i dyt\u00eb q\u00eb del jasht\u00eb pune n\u00eb n\u00ebnstacionin 400kV Tiran\u00eb brenda harkut kohor t\u00eb 1 viti. Kjo situat\u00eb r\u00ebndon s\u00eb tep\u00ebrmi marrjen e energjis\u00eb elektrike nga importi, sidomos [&hellip;]<\/p>\n","protected":false},"author":2013,"featured_media":122742,"comment_status":"open","ping_status":"closed","sticky":false,"template":"","format":"standard","meta":{"footnotes":""},"categories":[241,235],"tags":[],"class_list":{"0":"post-122741","1":"post","2":"type-post","3":"status-publish","4":"format-standard","5":"has-post-thumbnail","7":"category-aktualitet","8":"category-vendi"},"_links":{"self":[{"href":"https:\/\/zjarr.tv\/en\/wp-json\/wp\/v2\/posts\/122741","targetHints":{"allow":["GET"]}}],"collection":[{"href":"https:\/\/zjarr.tv\/en\/wp-json\/wp\/v2\/posts"}],"about":[{"href":"https:\/\/zjarr.tv\/en\/wp-json\/wp\/v2\/types\/post"}],"author":[{"embeddable":true,"href":"https:\/\/zjarr.tv\/en\/wp-json\/wp\/v2\/users\/2013"}],"replies":[{"embeddable":true,"href":"https:\/\/zjarr.tv\/en\/wp-json\/wp\/v2\/comments?post=122741"}],"version-history":[{"count":0,"href":"https:\/\/zjarr.tv\/en\/wp-json\/wp\/v2\/posts\/122741\/revisions"}],"wp:featuredmedia":[{"embeddable":true,"href":"https:\/\/zjarr.tv\/en\/wp-json\/wp\/v2\/media\/122742"}],"wp:attachment":[{"href":"https:\/\/zjarr.tv\/en\/wp-json\/wp\/v2\/media?parent=122741"}],"wp:term":[{"taxonomy":"category","embeddable":true,"href":"https:\/\/zjarr.tv\/en\/wp-json\/wp\/v2\/categories?post=122741"},{"taxonomy":"post_tag","embeddable":true,"href":"https:\/\/zjarr.tv\/en\/wp-json\/wp\/v2\/tags?post=122741"}],"curies":[{"name":"wp","href":"https:\/\/api.w.org\/{rel}","templated":true}]}}