{"id":122744,"date":"2020-02-25T16:08:48","date_gmt":"2020-02-25T15:08:48","guid":{"rendered":"https:\/\/zjarr.tv\/?p=122744"},"modified":"2020-02-25T16:08:48","modified_gmt":"2020-02-25T15:08:48","slug":"pd-denoncon-nga-kamza-qeveria-propagande-personeli-mjekesor-ska-maska-mbrojtese","status":"publish","type":"post","link":"https:\/\/zjarr.tv\/en\/pd-denoncon-nga-kamza-qeveria-propagande-personeli-mjekesor-ska-maska-mbrojtese\/","title":{"rendered":"PD denoncon nga Kamza: Qeveria propagand\u00eb, personeli mjek\u00ebsor s`ka maska mbrojt\u00ebse"},"content":{"rendered":"<p>P\u00ebrfaq\u00ebsuesit e Departamentit t\u00eb Sh\u00ebndet\u00ebsis\u00eb n\u00eb PD, Albana Vokshi dhe Gazment Koduzi ishin t\u00eb mart\u00ebn n\u00eb Qendr\u00ebn Sh\u00ebndet\u00ebsore n\u00eb Kam\u00ebz p\u00ebr t\u00eb monitoruar masat e marra p\u00ebr mbrojtjen nga koronavirusi. Vokshi u shpreh, se pas monitorimit, kishte konstatuar se qeveria nuk kishte marr\u00eb asnj\u00eb mas\u00eb p\u00ebr personelin mjek\u00ebsor t\u00eb k\u00ebsaj qendre, q\u00eb sipas saj, trajton 200 mij\u00eb pacient\u00eb. Ajo tha se qeveria po merret me propagand\u00eb, duke l\u00ebn\u00eb stafin mjek\u00ebsor pa mjetet mbrojt\u00ebse. Madje, Vokshi denoncoi se stafi mjek\u00ebsor po punon n\u00eb terror.<\/p>\n<p><strong>Albana Vokshi:<\/strong>\u00a0<em>Jemi n\u00eb Kam\u00ebz, pasi mbulon nj\u00eb rajon shum\u00eb t\u00eb madh me rreth 200 mij\u00eb banor\u00eb. Funksionon 24 or\u00eb n\u00eb dit\u00eb. \u00c7do dit\u00eb jan\u00eb rerth 200 pacient\u00eb n\u00eb pjes\u00ebn e pacient\u00ebve t\u00eb s\u00ebmur\u00eb kronik\u00eb. Pas shpalljes t\u00eb grupit t\u00eb pun\u00ebs nga ana e Bash\u00ebs, kan\u00eb ardhur me qindra mesazhe si nga qytetar\u00ebt dhe nga mjek\u00ebt. Shqet\u00ebsimi i tyre \u00ebsht\u00eb se nuk \u00ebsht\u00eb marr\u00eb asnj\u00eb mas\u00eb nga ana e qeveris\u00eb p\u00ebr pajisjen me mjete elementare. Ne e pam\u00eb vet\u00eb situat\u00eb, mjek\u00ebt nuk jan\u00eb pajisur me mjete, me doreza, me dezinfektant. Stafet mjek\u00ebsore jan\u00eb n\u00eb m\u00ebshir\u00eb t\u00eb fatit. Qeveria po b\u00ebn propagand\u00eb.\u00a0<\/em><\/p>\n<p><em>Ne u informuam se dje qendra sh\u00ebndet\u00ebsore nuk ka pasur uj\u00eb 24 or\u00eb. Kemi informacione se t\u00eb gjith\u00eb mjek\u00ebt jan\u00eb pajisur vet\u00ebm me nj\u00eb mask\u00eb. Nd\u00ebrkoh\u00eb q\u00eb nj\u00eb mask\u00eb ka nj\u00eb afat t\u00eb kufizuar p\u00ebrdorimi. Stafi sh\u00ebndet\u00ebsor i spitaleve \u00ebsht\u00eb n\u00eb m\u00ebshir\u00eb t\u00eb fatit. Qytetar\u00ebt nuk duhet t\u00eb panikohen. Lajmi i mir\u00eb \u00ebsht\u00eb se ende n\u00eb Shqip\u00ebri nuk ka nj\u00eb rast t\u00eb virusit. Vet\u00eb qytetar\u00ebt duhet t\u00eb marrin masa p\u00ebr higjen\u00ebn e tyre. Qeveria t\u00eb mos harxhoj\u00eb milionat e eurove p\u00ebr oligark\u00ebt por p\u00ebr t\u00eb parandaluar koronavirusin. Ne do jemi n\u00eb terren p\u00ebr t\u00eb monitoruar situat\u00ebn. Do jemi z\u00ebri i mjek\u00ebve dhe stafit mjek\u00ebsor q\u00eb tani punojn\u00eb n\u00ebn terror.\u00a0<\/em><\/p>\n<p>Nd\u00ebrkoh\u00eb mjeku Gazment Koduzi u shpreh se mjek\u00ebt jan\u00eb porta kryesore me pacient\u00ebt, ndaj sipas tij, ata duhet t\u00eb jen\u00eb t\u00eb mbrojtur sepse mund t\u00eb kthehen n\u00eb shp\u00ebrndar\u00ebs t\u00eb virusit.<\/p>\n<p><strong>Gazment Koduzi:<\/strong>\u00a0<em>Ne si pjes\u00eb e grupit t\u00eb pun\u00ebs s\u00eb PD po vler\u00ebsojm\u00eb masat q\u00eb ka marr\u00eb qeveria p\u00ebr mbrojtjen e popullat\u00ebs. Por po shohim dhe mbrojtjen e personelit sh\u00ebndetsor. Ato jan\u00eb porta kryesore me pacient\u00ebt, dhe n\u00ebse kontaminohen me virus ato mund t\u00eb b\u00ebhen shp\u00ebrndar\u00ebs s\u00eb virusit. Nga kontaktet me koleg\u00ebt shohim q\u00eb nuk ka mjete. Qeveria po merret me propagand\u00eb. Operatori Sh\u00ebndet\u00ebsor ka detyruar qendrat sh\u00ebndet\u00ebsore q\u00eb t\u00eb delegojn\u00eb blerjen e mallrave k\u00ebtij operatori.<\/em><\/p>","protected":false},"excerpt":{"rendered":"<p>P\u00ebrfaq\u00ebsuesit e Departamentit t\u00eb Sh\u00ebndet\u00ebsis\u00eb n\u00eb PD, Albana Vokshi dhe Gazment Koduzi ishin t\u00eb mart\u00ebn n\u00eb Qendr\u00ebn Sh\u00ebndet\u00ebsore n\u00eb Kam\u00ebz p\u00ebr t\u00eb monitoruar masat e marra p\u00ebr mbrojtjen nga koronavirusi. Vokshi u shpreh, se pas monitorimit, kishte konstatuar se qeveria nuk kishte marr\u00eb asnj\u00eb mas\u00eb p\u00ebr personelin mjek\u00ebsor t\u00eb k\u00ebsaj qendre, q\u00eb sipas saj, trajton [&hellip;]<\/p>\n","protected":false},"author":2013,"featured_media":122745,"comment_status":"open","ping_status":"closed","sticky":false,"template":"","format":"standard","meta":{"footnotes":""},"categories":[241,235],"tags":[],"class_list":{"0":"post-122744","1":"post","2":"type-post","3":"status-publish","4":"format-standard","5":"has-post-thumbnail","7":"category-aktualitet","8":"category-vendi"},"_links":{"self":[{"href":"https:\/\/zjarr.tv\/en\/wp-json\/wp\/v2\/posts\/122744","targetHints":{"allow":["GET"]}}],"collection":[{"href":"https:\/\/zjarr.tv\/en\/wp-json\/wp\/v2\/posts"}],"about":[{"href":"https:\/\/zjarr.tv\/en\/wp-json\/wp\/v2\/types\/post"}],"author":[{"embeddable":true,"href":"https:\/\/zjarr.tv\/en\/wp-json\/wp\/v2\/users\/2013"}],"replies":[{"embeddable":true,"href":"https:\/\/zjarr.tv\/en\/wp-json\/wp\/v2\/comments?post=122744"}],"version-history":[{"count":0,"href":"https:\/\/zjarr.tv\/en\/wp-json\/wp\/v2\/posts\/122744\/revisions"}],"wp:featuredmedia":[{"embeddable":true,"href":"https:\/\/zjarr.tv\/en\/wp-json\/wp\/v2\/media\/122745"}],"wp:attachment":[{"href":"https:\/\/zjarr.tv\/en\/wp-json\/wp\/v2\/media?parent=122744"}],"wp:term":[{"taxonomy":"category","embeddable":true,"href":"https:\/\/zjarr.tv\/en\/wp-json\/wp\/v2\/categories?post=122744"},{"taxonomy":"post_tag","embeddable":true,"href":"https:\/\/zjarr.tv\/en\/wp-json\/wp\/v2\/tags?post=122744"}],"curies":[{"name":"wp","href":"https:\/\/api.w.org\/{rel}","templated":true}]}}