{"id":122755,"date":"2020-02-26T11:30:30","date_gmt":"2020-02-26T10:30:30","guid":{"rendered":"https:\/\/zjarr.tv\/?p=122755"},"modified":"2020-02-26T11:30:30","modified_gmt":"2020-02-26T10:30:30","slug":"meta-e-nis-diten-me-zgjedhjen-si-president-i-shqiperise-betimi-i-jetes-ime","status":"publish","type":"post","link":"https:\/\/zjarr.tv\/en\/meta-e-nis-diten-me-zgjedhjen-si-president-i-shqiperise-betimi-i-jetes-ime\/","title":{"rendered":"Meta e nis dit\u00ebn me zgjedhjen si president i Shqip\u00ebris\u00eb: Betimi i jet\u00ebs ime!"},"content":{"rendered":"<p>Edhe dit\u00ebn e sotme presidenti Ilir Meta e nis me thirrjen e tij p\u00ebr 2 marsin.<\/p>\n<p>Me an\u00eb t\u00eb nj\u00eb postimi n\u00eb Facebook, Meta solli s\u00ebrish videon e betimit t\u00eb tij si president n\u00eb Kuvendin e Shqip\u00ebris\u00eb.<\/p>\n<p>Ai shkruan se ky ishte betimi i jet\u00ebs s\u00eb tij, duke shkruar p\u00ebr \u201cKushtetut\u00ebn, P\u00ebr Republik\u00ebn, P\u00ebr Shqip\u00ebrin\u00eb, P\u00ebr Kombin\u201d<\/p>\n<p>Meta: Betimi i jet\u00ebs ime! #P\u00ebrKushtetut\u00ebn #P\u00ebrRepublik\u00ebn #P\u00ebrShqip\u00ebrin\u00eb #P\u00ebrKombin<\/p>\n<p>N\u00ebn k\u00ebt\u00eb moto presidenti Ilir Meta ka th\u00ebrritur shqiptar\u00ebt t\u00eb bashkohen n\u00eb bulevardin \u201cD\u00ebshmor\u00ebt e Kombit\u201d t\u00eb h\u00ebn\u00ebn e 2 marsit ora 17:00.<\/p>","protected":false},"excerpt":{"rendered":"<p>Edhe dit\u00ebn e sotme presidenti Ilir Meta e nis me thirrjen e tij p\u00ebr 2 marsin. Me an\u00eb t\u00eb nj\u00eb postimi n\u00eb Facebook, Meta solli s\u00ebrish videon e betimit t\u00eb tij si president n\u00eb Kuvendin e Shqip\u00ebris\u00eb. Ai shkruan se ky ishte betimi i jet\u00ebs s\u00eb tij, duke shkruar p\u00ebr \u201cKushtetut\u00ebn, P\u00ebr Republik\u00ebn, P\u00ebr Shqip\u00ebrin\u00eb, [&hellip;]<\/p>\n","protected":false},"author":2013,"featured_media":105109,"comment_status":"open","ping_status":"closed","sticky":false,"template":"","format":"standard","meta":{"footnotes":""},"categories":[241,235],"tags":[],"class_list":{"0":"post-122755","1":"post","2":"type-post","3":"status-publish","4":"format-standard","5":"has-post-thumbnail","7":"category-aktualitet","8":"category-vendi"},"_links":{"self":[{"href":"https:\/\/zjarr.tv\/en\/wp-json\/wp\/v2\/posts\/122755","targetHints":{"allow":["GET"]}}],"collection":[{"href":"https:\/\/zjarr.tv\/en\/wp-json\/wp\/v2\/posts"}],"about":[{"href":"https:\/\/zjarr.tv\/en\/wp-json\/wp\/v2\/types\/post"}],"author":[{"embeddable":true,"href":"https:\/\/zjarr.tv\/en\/wp-json\/wp\/v2\/users\/2013"}],"replies":[{"embeddable":true,"href":"https:\/\/zjarr.tv\/en\/wp-json\/wp\/v2\/comments?post=122755"}],"version-history":[{"count":0,"href":"https:\/\/zjarr.tv\/en\/wp-json\/wp\/v2\/posts\/122755\/revisions"}],"wp:featuredmedia":[{"embeddable":true,"href":"https:\/\/zjarr.tv\/en\/wp-json\/wp\/v2\/media\/105109"}],"wp:attachment":[{"href":"https:\/\/zjarr.tv\/en\/wp-json\/wp\/v2\/media?parent=122755"}],"wp:term":[{"taxonomy":"category","embeddable":true,"href":"https:\/\/zjarr.tv\/en\/wp-json\/wp\/v2\/categories?post=122755"},{"taxonomy":"post_tag","embeddable":true,"href":"https:\/\/zjarr.tv\/en\/wp-json\/wp\/v2\/tags?post=122755"}],"curies":[{"name":"wp","href":"https:\/\/api.w.org\/{rel}","templated":true}]}}