{"id":122761,"date":"2020-02-26T11:35:38","date_gmt":"2020-02-26T10:35:38","guid":{"rendered":"https:\/\/zjarr.tv\/?p=122761"},"modified":"2020-02-26T11:35:38","modified_gmt":"2020-02-26T10:35:38","slug":"deportohen-nga-spanja-26-shqiptare-mes-tyre-edhe-nje-50-vjecar-i-kerkuar-ne-itali","status":"publish","type":"post","link":"https:\/\/zjarr.tv\/en\/deportohen-nga-spanja-26-shqiptare-mes-tyre-edhe-nje-50-vjecar-i-kerkuar-ne-itali\/","title":{"rendered":"Deportohen nga Spanja 26 shqiptar\u00eb, mes tyre edhe nj\u00eb 50-vje\u00e7ar i k\u00ebrkuar n\u00eb Itali"},"content":{"rendered":"<p>Rinas, deportohen nga Spanja 26 shqiptar\u00eb.<\/p>\n<p>Ata kishin shkelur rregullat e q\u00ebndrimit nj\u00eb hap\u00ebsir\u00ebn Schengen.<\/p>\n<p>Mes t\u00eb dep\u00ebrtuarve \u00ebsht\u00eb edhe nj\u00eb 50-vje\u00e7ar q\u00eb ishte n\u00eb k\u00ebrkim n\u00eb Itali.<\/p>\n<p>K.J. 50 vje\u00e7 \u00ebsht\u00eb me origjin\u00eb nga Vlora dhe \u00ebsht\u00eb v\u00ebn\u00eb n\u00eb pranga me q\u00ebllim ekstradimin n\u00eb Itali.<\/p>\n<p>Ai k\u00ebrkohej p\u00ebr trafik droge dhe i kishte dh\u00ebn\u00eb policis\u00eb spanjolle gjeneralitete t\u00eb rreme, pasi ishte n\u00eb k\u00ebrkim nd\u00ebrkomb\u00ebtar p\u00ebr trafik droge dhe grup t\u00eb strukturuar kriminal.<\/p>","protected":false},"excerpt":{"rendered":"<p>Rinas, deportohen nga Spanja 26 shqiptar\u00eb. Ata kishin shkelur rregullat e q\u00ebndrimit nj\u00eb hap\u00ebsir\u00ebn Schengen. Mes t\u00eb dep\u00ebrtuarve \u00ebsht\u00eb edhe nj\u00eb 50-vje\u00e7ar q\u00eb ishte n\u00eb k\u00ebrkim n\u00eb Itali. K.J. 50 vje\u00e7 \u00ebsht\u00eb me origjin\u00eb nga Vlora dhe \u00ebsht\u00eb v\u00ebn\u00eb n\u00eb pranga me q\u00ebllim ekstradimin n\u00eb Itali. Ai k\u00ebrkohej p\u00ebr trafik droge dhe i kishte dh\u00ebn\u00eb [&hellip;]<\/p>\n","protected":false},"author":2013,"featured_media":122762,"comment_status":"open","ping_status":"closed","sticky":false,"template":"","format":"standard","meta":{"footnotes":""},"categories":[241,235],"tags":[],"class_list":{"0":"post-122761","1":"post","2":"type-post","3":"status-publish","4":"format-standard","5":"has-post-thumbnail","7":"category-aktualitet","8":"category-vendi"},"_links":{"self":[{"href":"https:\/\/zjarr.tv\/en\/wp-json\/wp\/v2\/posts\/122761","targetHints":{"allow":["GET"]}}],"collection":[{"href":"https:\/\/zjarr.tv\/en\/wp-json\/wp\/v2\/posts"}],"about":[{"href":"https:\/\/zjarr.tv\/en\/wp-json\/wp\/v2\/types\/post"}],"author":[{"embeddable":true,"href":"https:\/\/zjarr.tv\/en\/wp-json\/wp\/v2\/users\/2013"}],"replies":[{"embeddable":true,"href":"https:\/\/zjarr.tv\/en\/wp-json\/wp\/v2\/comments?post=122761"}],"version-history":[{"count":0,"href":"https:\/\/zjarr.tv\/en\/wp-json\/wp\/v2\/posts\/122761\/revisions"}],"wp:featuredmedia":[{"embeddable":true,"href":"https:\/\/zjarr.tv\/en\/wp-json\/wp\/v2\/media\/122762"}],"wp:attachment":[{"href":"https:\/\/zjarr.tv\/en\/wp-json\/wp\/v2\/media?parent=122761"}],"wp:term":[{"taxonomy":"category","embeddable":true,"href":"https:\/\/zjarr.tv\/en\/wp-json\/wp\/v2\/categories?post=122761"},{"taxonomy":"post_tag","embeddable":true,"href":"https:\/\/zjarr.tv\/en\/wp-json\/wp\/v2\/tags?post=122761"}],"curies":[{"name":"wp","href":"https:\/\/api.w.org\/{rel}","templated":true}]}}