{"id":122769,"date":"2020-02-26T11:39:48","date_gmt":"2020-02-26T10:39:48","guid":{"rendered":"https:\/\/zjarr.tv\/?p=122769"},"modified":"2020-02-26T11:39:48","modified_gmt":"2020-02-26T10:39:48","slug":"meta-takohet-me-keshilltarin-politik-te-cdu-csu-per-te-ardhur-keq-qe-keshillat-e-bundestagut-nuk-gjeten-reflektimin-e-duhur","status":"publish","type":"post","link":"https:\/\/zjarr.tv\/en\/meta-takohet-me-keshilltarin-politik-te-cdu-csu-per-te-ardhur-keq-qe-keshillat-e-bundestagut-nuk-gjeten-reflektimin-e-duhur\/","title":{"rendered":"Meta takohet me k\u00ebshilltarin politik t\u00eb CDU-CSU: P\u00ebr t\u00eb ardhur keq q\u00eb k\u00ebshillat e Bundestagut nuk gjet\u00ebn reflektimin e duhur"},"content":{"rendered":"<p>Presidenti Meta ka vler\u00ebsuar me titullin \u201cKalor\u00ebs i Urdhrit t\u00eb Sk\u00ebnderbeut\u201d dit\u00ebn e sotme k\u00ebshilltarin politik t\u00eb CDU-CSU Joachim Falenski.<\/p>\n<p>Gjat\u00eb dh\u00ebnies s\u00eb titullit ndaj Falenskit, Meta u shpreh se ai ka m\u00eb shum\u00eb se 9 vite q\u00eb ndjek nga af\u00ebr procesin e integrimit evropian t\u00eb Shqip\u00ebris\u00eb.<\/p>\n<p><strong>Meta: \u00a0<\/strong><em>Zoti Falenski ka m\u00eb shum\u00eb se 9 vjet q\u00eb ndjek nga af\u00ebr procesin e integrimit evropian t\u00eb Shqip\u00ebris\u00eb dhe \u00ebsht\u00eb nj\u00eb nga njoh\u00ebsit m\u00eb t\u00eb mir\u00eb si t\u00eb Shqip\u00ebris\u00eb, ashtu edhe t\u00eb procesit t\u00eb integrimit evropian. Ai na ka ndihmuar p\u00ebrgjat\u00eb gjith\u00eb k\u00ebtyre viteve t\u00eb kuptojm\u00eb qart\u00eb se integrimi evropian nuk kalon p\u00ebrmes lobimit, por p\u00ebrmes standardeve evropiane t\u00eb qeverisjes, t\u00eb shtetit ligjor, t\u00eb funksionimit t\u00eb institucioneve, t\u00eb respektimit t\u00eb t\u00eb drejtave themelore t\u00eb njeriut, etj.<\/em><\/p>\n<p>Meta tha se e vler\u00ebson mb\u00ebshtetjen e Bundestagut p\u00ebr procesin e integrimit, dhe \u00a0shtoi se \u00ebsht\u00eb p\u00ebr t\u00eb ardhur keq q\u00eb k\u00ebshillat e Bundestagut n\u00eb tetor nuk gjet\u00ebn reflektimin e duhur.<\/p>\n<p><strong>Meta:<\/strong><em>\u00a0Un\u00eb dua t\u00eb vler\u00ebsoj q\u00ebndrimin parimor, t\u00eb sinqert\u00eb, me integritet dhe t\u00eb drejtp\u00ebrdrejt\u00eb t\u00eb Bundestagut p\u00ebr mb\u00ebshtetjen e plot\u00eb ndaj procesit t\u00eb integrimit evropian t\u00eb Shqip\u00ebris\u00eb, ashtu sikund\u00ebr 9 prioritetet e vendosura p\u00ebr rezultate konkrete, t\u00eb besueshme dhe t\u00eb q\u00ebndrueshme n\u00eb rrug\u00ebn e reformave q\u00eb jan\u00eb ky\u00e7 p\u00ebr demokracin\u00eb, sundimin e ligjit dhe q\u00eb u sh\u00ebrbejn\u00eb qytetar\u00ebve t\u00eb vendit tim. \u00cbsht\u00eb p\u00ebr t\u00eb ardhur keq q\u00eb k\u00ebshillat e Bundestagut q\u00eb i paraprin\u00eb mbledhjes s\u00eb K\u00ebshillit Evropian t\u00eb tetorit nuk gjet\u00ebn reflektimin e duhur. Por tashm\u00eb \u00ebsht\u00eb revoltuese q\u00eb muajt pasues, n\u00eb vend q\u00eb t\u00eb sh\u00ebrbenin p\u00ebr nj\u00eb reflektim t\u00eb p\u00ebrgjegjsh\u00ebm dhe nxitjen e nj\u00eb klime bashk\u00ebpunuese, u p\u00ebrdor\u00ebn p\u00ebr t\u00eb vijuar provokimet dhe rrug\u00ebn e anti-kushtetutshm\u00ebris\u00eb dhe paligjshm\u00ebris\u00eb n\u00eb vend.<\/em><\/p>","protected":false},"excerpt":{"rendered":"<p>Presidenti Meta ka vler\u00ebsuar me titullin \u201cKalor\u00ebs i Urdhrit t\u00eb Sk\u00ebnderbeut\u201d dit\u00ebn e sotme k\u00ebshilltarin politik t\u00eb CDU-CSU Joachim Falenski. Gjat\u00eb dh\u00ebnies s\u00eb titullit ndaj Falenskit, Meta u shpreh se ai ka m\u00eb shum\u00eb se 9 vite q\u00eb ndjek nga af\u00ebr procesin e integrimit evropian t\u00eb Shqip\u00ebris\u00eb. Meta: \u00a0Zoti Falenski ka m\u00eb shum\u00eb se 9 [&hellip;]<\/p>\n","protected":false},"author":2013,"featured_media":122770,"comment_status":"open","ping_status":"closed","sticky":false,"template":"","format":"standard","meta":{"footnotes":""},"categories":[241,235],"tags":[],"class_list":{"0":"post-122769","1":"post","2":"type-post","3":"status-publish","4":"format-standard","5":"has-post-thumbnail","7":"category-aktualitet","8":"category-vendi"},"_links":{"self":[{"href":"https:\/\/zjarr.tv\/en\/wp-json\/wp\/v2\/posts\/122769","targetHints":{"allow":["GET"]}}],"collection":[{"href":"https:\/\/zjarr.tv\/en\/wp-json\/wp\/v2\/posts"}],"about":[{"href":"https:\/\/zjarr.tv\/en\/wp-json\/wp\/v2\/types\/post"}],"author":[{"embeddable":true,"href":"https:\/\/zjarr.tv\/en\/wp-json\/wp\/v2\/users\/2013"}],"replies":[{"embeddable":true,"href":"https:\/\/zjarr.tv\/en\/wp-json\/wp\/v2\/comments?post=122769"}],"version-history":[{"count":0,"href":"https:\/\/zjarr.tv\/en\/wp-json\/wp\/v2\/posts\/122769\/revisions"}],"wp:featuredmedia":[{"embeddable":true,"href":"https:\/\/zjarr.tv\/en\/wp-json\/wp\/v2\/media\/122770"}],"wp:attachment":[{"href":"https:\/\/zjarr.tv\/en\/wp-json\/wp\/v2\/media?parent=122769"}],"wp:term":[{"taxonomy":"category","embeddable":true,"href":"https:\/\/zjarr.tv\/en\/wp-json\/wp\/v2\/categories?post=122769"},{"taxonomy":"post_tag","embeddable":true,"href":"https:\/\/zjarr.tv\/en\/wp-json\/wp\/v2\/tags?post=122769"}],"curies":[{"name":"wp","href":"https:\/\/api.w.org\/{rel}","templated":true}]}}