{"id":122782,"date":"2020-02-26T11:46:46","date_gmt":"2020-02-26T10:46:46","guid":{"rendered":"https:\/\/zjarr.tv\/?p=122782"},"modified":"2020-02-26T11:46:46","modified_gmt":"2020-02-26T10:46:46","slug":"spahia-shendetesia-e-rilindjes-fasade-nga-a-ja-tek-zh-ja-e-aspak-sherbim","status":"publish","type":"post","link":"https:\/\/zjarr.tv\/en\/spahia-shendetesia-e-rilindjes-fasade-nga-a-ja-tek-zh-ja-e-aspak-sherbim\/","title":{"rendered":"Spahia: Shend\u00ebt\u00ebsia e rilindjes, fasad\u00eb nga A-ja tek ZH-ja, e aspak sh\u00ebrbim"},"content":{"rendered":"<p>Ish deputeti i Partis\u00eb Demokratike Bardh Spahia ka reaguar ndaj disa deklaratave t\u00eb ministres s\u00eb shendet\u00ebsis\u00eb Ogerta Manastirliu e cila deklapri se rilidnja ka nisur nga minusi pun\u00ebn n\u00eb shendet\u00ebsi.<\/p>\n<p>\u201cZonj\u00eb, jeni ju nj\u00eb minus shum\u00eb i madh p\u00ebr sistemin sh\u00ebndet\u00ebsor! Kjo \u00ebsht\u00eb pak por e sigurt\u00eb, sepse e thon\u00eb pik\u00ebrisht mjek\u00ebt q\u00eb p\u00ebrballen dit\u00eb pas dite me politikat tuaja drit\u00ebshkurtra, ku fasada \u00ebsht\u00eb A-ja dhe ZH-ja, e aspak sh\u00ebrbimi sh\u00ebndet\u00ebsor! Jan\u00eb ata q\u00eb po i dekurajoni me politikat e PPP-ve, duke u urdh\u00ebruar racionimin e sh\u00ebrbimeve, duke i p\u00ebrballur me mungesa q\u00eb i ven\u00eb n\u00eb v\u00ebshtir\u00ebsi p\u00ebrball\u00eb pacient\u00ebve\u201d, shkruan Spahia<\/p>\n<p><strong>Ja postimi i plot\u00eb:<\/strong><\/p>\n<p>\u201dPUNA\u201d E RILINDJES NE SHENDETESI: FAJESIMI I PARAARDHESVE!!!<\/p>\n<p>Sipas ministres Manastirliu, rilindja e pask\u00ebrka nisur nga minusi pun\u00ebn n\u00eb sh\u00ebndet\u00ebsi! E thot\u00eb pa iu dridhur qerpiku! As skuqet e as zverdhet, edhe kur thot\u00eb se eksodi i mjek\u00ebve pask\u00ebrka si shkak munges\u00ebn e specializimeve n\u00eb qeverisjen e PD!!! Po mir\u00eb, meq\u00eb e paskeni gjetur k\u00ebt\u00eb situat\u00eb, a mund t\u00eb thoni se cfar\u00eb keni b\u00ebr\u00eb ju n\u00eb k\u00ebto 7 vite? Pse hemoragjia sa vjen e thellohet? Pse nuk i kuptokan mjek\u00ebt e infermier\u00ebt reformat \u201cmadh\u00ebshtore\u201d t\u00eb Rilindjes, por k\u00ebrkokan mund\u00ebsi n\u00eb vende t\u00eb tjera? Kush \u00ebsht\u00eb ai q\u00eb i ka kushtet k\u00ebtu, e ik\u00ebn duke l\u00ebn\u00eb pas familje, shok\u00eb e miq, p\u00ebr t\u00eb nisur gjith\u00e7ka nga fillimi n\u00eb vend t\u00eb huaj? Apo ju nuk mendoni dot kaq thell\u00eb, se t\u00eb menduarit nuk \u00ebsht\u00eb detyra juaj?<\/p>\n<p>Zonj\u00eb, jeni ju nj\u00eb minus shum\u00eb i madh p\u00ebr sistemin sh\u00ebndet\u00ebsor! Kjo \u00ebsht\u00eb pak por e sigurt\u00eb, sepse e thon\u00eb pik\u00ebrisht mjek\u00ebt q\u00eb p\u00ebrballen dit\u00eb pas dite me politikat tuaja drit\u00ebshkurtra, ku fasada \u00ebsht\u00eb A-ja dhe ZH-ja, e aspak sh\u00ebrbimi sh\u00ebndet\u00ebsor! Jan\u00eb ata q\u00eb po i dekurajoni me politikat e PPP-ve, duke u urdh\u00ebruar racionimin e sh\u00ebrbimeve, duke i p\u00ebrballur me mungesa q\u00eb i ven\u00eb n\u00eb v\u00ebshtir\u00ebsi p\u00ebrball\u00eb pacient\u00ebve e duke mos i d\u00ebgjuar! Ky stili militant i faj\u00ebsimit t\u00eb paraardh\u00ebsve n\u00eb fund t\u00eb mandatit t\u00eb dyt\u00eb, n\u00eb fakt d\u00ebshmon pik\u00ebrisht munges\u00ebn e pun\u00ebs, t\u00eb cil\u00ebn, n\u00ebse do e kishit b\u00ebr\u00eb, do ishit duke e treguar n\u00eb k\u00ebto 7 vjet!<\/p>","protected":false},"excerpt":{"rendered":"<p>Ish deputeti i Partis\u00eb Demokratike Bardh Spahia ka reaguar ndaj disa deklaratave t\u00eb ministres s\u00eb shendet\u00ebsis\u00eb Ogerta Manastirliu e cila deklapri se rilidnja ka nisur nga minusi pun\u00ebn n\u00eb shendet\u00ebsi. \u201cZonj\u00eb, jeni ju nj\u00eb minus shum\u00eb i madh p\u00ebr sistemin sh\u00ebndet\u00ebsor! Kjo \u00ebsht\u00eb pak por e sigurt\u00eb, sepse e thon\u00eb pik\u00ebrisht mjek\u00ebt q\u00eb p\u00ebrballen dit\u00eb [&hellip;]<\/p>\n","protected":false},"author":2013,"featured_media":102539,"comment_status":"open","ping_status":"closed","sticky":false,"template":"","format":"standard","meta":{"footnotes":""},"categories":[241,235],"tags":[],"class_list":{"0":"post-122782","1":"post","2":"type-post","3":"status-publish","4":"format-standard","5":"has-post-thumbnail","7":"category-aktualitet","8":"category-vendi"},"_links":{"self":[{"href":"https:\/\/zjarr.tv\/en\/wp-json\/wp\/v2\/posts\/122782","targetHints":{"allow":["GET"]}}],"collection":[{"href":"https:\/\/zjarr.tv\/en\/wp-json\/wp\/v2\/posts"}],"about":[{"href":"https:\/\/zjarr.tv\/en\/wp-json\/wp\/v2\/types\/post"}],"author":[{"embeddable":true,"href":"https:\/\/zjarr.tv\/en\/wp-json\/wp\/v2\/users\/2013"}],"replies":[{"embeddable":true,"href":"https:\/\/zjarr.tv\/en\/wp-json\/wp\/v2\/comments?post=122782"}],"version-history":[{"count":0,"href":"https:\/\/zjarr.tv\/en\/wp-json\/wp\/v2\/posts\/122782\/revisions"}],"wp:featuredmedia":[{"embeddable":true,"href":"https:\/\/zjarr.tv\/en\/wp-json\/wp\/v2\/media\/102539"}],"wp:attachment":[{"href":"https:\/\/zjarr.tv\/en\/wp-json\/wp\/v2\/media?parent=122782"}],"wp:term":[{"taxonomy":"category","embeddable":true,"href":"https:\/\/zjarr.tv\/en\/wp-json\/wp\/v2\/categories?post=122782"},{"taxonomy":"post_tag","embeddable":true,"href":"https:\/\/zjarr.tv\/en\/wp-json\/wp\/v2\/tags?post=122782"}],"curies":[{"name":"wp","href":"https:\/\/api.w.org\/{rel}","templated":true}]}}