{"id":122792,"date":"2020-02-26T11:51:10","date_gmt":"2020-02-26T10:51:10","guid":{"rendered":"https:\/\/zjarr.tv\/?p=122792"},"modified":"2020-02-26T11:51:10","modified_gmt":"2020-02-26T10:51:10","slug":"koronavirusi-ja-cfare-ndodh-ne-durres","status":"publish","type":"post","link":"https:\/\/zjarr.tv\/en\/koronavirusi-ja-cfare-ndodh-ne-durres\/","title":{"rendered":"Koronavirusi\/ ja \u00e7far\u00eb ndodh n\u00eb Durr\u00ebs"},"content":{"rendered":"<p>Qytetar\u00ebt durrsak\u00eb i ka mb\u00ebrthyer paniku nga mund\u00ebsia e p\u00ebrhapjes s\u00eb Koronavirusit n\u00eb vend. Durr\u00ebsi \u00ebsht\u00eb porta e par\u00eb prit\u00ebse, por q\u00eb sh\u00ebrben edhe si pik\u00eb tranziti p\u00ebr qytetar\u00eb q\u00eb vijn\u00eb nga Italia apo vende fqinje t\u00eb k\u00ebsaj t\u00eb fundit, t\u00eb prekura nga Koronavirusi.\u00a0N\u00eb k\u00ebto kushte, \u00ebsht\u00eb qyteti m\u00eb i ekspozuar p\u00ebr p\u00ebrhapjen e k\u00ebtij virusi q\u00eb po \u201cterrorizon\u201d mbar\u00eb bot\u00ebn.<\/p>\n<p>Qytetar\u00ebt e Durr\u00ebsit dhe rrethinave t\u00eb tij po p\u00ebrpiqen me t\u00eb gjitha m\u00ebnyrat dhe mund\u00ebsit\u00eb q\u00eb ata kan\u00eb p\u00ebr t\u00eb marr\u00eb masa q\u00eb t\u00eb mos infektohen nga ky virus. Pjesa d\u00ebrmuese e nx\u00ebn\u00ebsve t\u00eb shkollave, kryesisht atyre 9- vje\u00e7are, zhvilluan procesin e m\u00ebsimit me maska n\u00eb fytyr\u00eb, shkruan Panorama.<\/p>\n<div class=\"fotogaleri\">\n<div class=\"bx-wrapper\">\n<div class=\"bx-viewport\">\n<ul class=\"read-slider\">\n<li><a href=\"https:\/\/www.syri.net\/uploads\/syri.net\/images\/2020\/February\/26\/kor21582713820.jpg\" data-lightbox=\"images\"><img decoding=\"async\" src=\"https:\/\/www.syri.net\/uploads\/syri.net\/images\/2020\/February\/26\/auto_kor21582713820.jpg\" \/><i class=\"fa fa-search-plus syri_zoom\" aria-hidden=\"true\"><\/i><\/a><\/li>\n<\/ul>\n<\/div>\n<div class=\"bx-controls bx-has-pager bx-has-controls-direction\">\n<div class=\"bx-controls-direction\">T\u00eb gjith\u00eb personat q\u00eb zbarkojn\u00eb n\u00eb Portin e Durr\u00ebsit me tragetet q\u00eb vijn\u00eb nga Italia, vizitohen nga mjek\u00ebt me aparatura t\u00eb posa\u00e7me, t\u00eb cilat arrijn\u00eb t\u00eb dallojn\u00eb n\u00ebse personi ka shenja t\u00eb virusit. Gjat\u00eb dit\u00ebve t\u00eb fundit, n\u00eb Portin e Durr\u00ebsit q\u00ebndrojn\u00eb 7 mjek\u00eb, t\u00eb cil\u00ebt paraprakisht marrin nj\u00eb dit\u00eb m\u00eb par\u00eb nga Autoriteti Portual list\u00ebn e pasagjer\u00ebve, n\u00eb t\u00eb cil\u00ebn v\u00ebrehet n\u00ebse ka t\u00eb ardhur nga Kina apo dhe vende t\u00eb tjera t\u00eb prekura.<\/div>\n<\/div>\n<\/div>\n<\/div>\n<p>Pik\u00ebrisht te k\u00ebta persona fokusohet edhe kontrolli i mjek\u00ebve. Pasi trageti hap port\u00ebn, mjek\u00ebt hyjn\u00eb brenda dhe me termomet\u00ebr matin n\u00eb distanc\u00eb temperatur\u00ebn e pasagjer\u00ebve. Mjek\u00ebt q\u00ebndrojn\u00eb n\u00eb ambientet e tragetit p\u00ebr disa minuta, n\u00eb var\u00ebsi edhe t\u00eb numrit t\u00eb pasagjer\u00ebve. Nga kontrollet e kryera deri m\u00eb tani, ata thon\u00eb se nuk \u00ebsht\u00eb identifikuar asnj\u00eb pasagjer me simptoma t\u00eb Koronavirusit.<\/p>","protected":false},"excerpt":{"rendered":"<p>Qytetar\u00ebt durrsak\u00eb i ka mb\u00ebrthyer paniku nga mund\u00ebsia e p\u00ebrhapjes s\u00eb Koronavirusit n\u00eb vend. Durr\u00ebsi \u00ebsht\u00eb porta e par\u00eb prit\u00ebse, por q\u00eb sh\u00ebrben edhe si pik\u00eb tranziti p\u00ebr qytetar\u00eb q\u00eb vijn\u00eb nga Italia apo vende fqinje t\u00eb k\u00ebsaj t\u00eb fundit, t\u00eb prekura nga Koronavirusi.\u00a0N\u00eb k\u00ebto kushte, \u00ebsht\u00eb qyteti m\u00eb i ekspozuar p\u00ebr p\u00ebrhapjen e k\u00ebtij [&hellip;]<\/p>\n","protected":false},"author":2013,"featured_media":122793,"comment_status":"open","ping_status":"closed","sticky":false,"template":"","format":"standard","meta":{"footnotes":""},"categories":[241,235],"tags":[],"class_list":{"0":"post-122792","1":"post","2":"type-post","3":"status-publish","4":"format-standard","5":"has-post-thumbnail","7":"category-aktualitet","8":"category-vendi"},"_links":{"self":[{"href":"https:\/\/zjarr.tv\/en\/wp-json\/wp\/v2\/posts\/122792","targetHints":{"allow":["GET"]}}],"collection":[{"href":"https:\/\/zjarr.tv\/en\/wp-json\/wp\/v2\/posts"}],"about":[{"href":"https:\/\/zjarr.tv\/en\/wp-json\/wp\/v2\/types\/post"}],"author":[{"embeddable":true,"href":"https:\/\/zjarr.tv\/en\/wp-json\/wp\/v2\/users\/2013"}],"replies":[{"embeddable":true,"href":"https:\/\/zjarr.tv\/en\/wp-json\/wp\/v2\/comments?post=122792"}],"version-history":[{"count":0,"href":"https:\/\/zjarr.tv\/en\/wp-json\/wp\/v2\/posts\/122792\/revisions"}],"wp:featuredmedia":[{"embeddable":true,"href":"https:\/\/zjarr.tv\/en\/wp-json\/wp\/v2\/media\/122793"}],"wp:attachment":[{"href":"https:\/\/zjarr.tv\/en\/wp-json\/wp\/v2\/media?parent=122792"}],"wp:term":[{"taxonomy":"category","embeddable":true,"href":"https:\/\/zjarr.tv\/en\/wp-json\/wp\/v2\/categories?post=122792"},{"taxonomy":"post_tag","embeddable":true,"href":"https:\/\/zjarr.tv\/en\/wp-json\/wp\/v2\/tags?post=122792"}],"curies":[{"name":"wp","href":"https:\/\/api.w.org\/{rel}","templated":true}]}}