{"id":122801,"date":"2020-02-26T14:55:44","date_gmt":"2020-02-26T13:55:44","guid":{"rendered":"https:\/\/zjarr.tv\/?p=122801"},"modified":"2020-02-26T14:55:44","modified_gmt":"2020-02-26T13:55:44","slug":"tedi-blushi-te-gjithe-tellalleve-te-pucit-kushtetues-u-pergjigjem-me-thenien-e-kim-mehmetit","status":"publish","type":"post","link":"https:\/\/zjarr.tv\/en\/tedi-blushi-te-gjithe-tellalleve-te-pucit-kushtetues-u-pergjigjem-me-thenien-e-kim-mehmetit\/","title":{"rendered":"Tedi Blushi: T\u00eb gjith\u00eb tellall\u00ebve t\u00eb pu\u00e7it kushtetues u p\u00ebrgjigjem me th\u00ebnien e Kim Mehmetit"},"content":{"rendered":"<p>Tedi Blushi b\u00ebn s\u00ebrish thirrje p\u00ebr pjes\u00ebmarrje n\u00eb manifestimin e 2 marsit.<\/p>\n<p>P\u00ebrmes nj\u00eb postimi n\u00eb Facebook, z\u00ebdh\u00ebn\u00ebsi i presidentit, shkruan se nj\u00eb arsye madhore p\u00ebr pjes\u00ebmarrje e ka dh\u00ebn\u00eb edhe publicisti, Kim Mehmeti, duke ndar\u00eb nj\u00eb th\u00ebnie t\u00eb tij.<\/p>\n<p>Tedi Blushi: T\u00eb gjith\u00eb tellall\u00ebve t\u00eb pu\u00e7it kushtetues, q\u00eb nxisin diversione t\u00eb r\u00ebndomta p\u00ebr Manifestimin Mbar\u00ebkomb\u00ebtar t\u00eb 2 marsit do t\u2019ju p\u00ebrgjigjesha vet\u00ebm me k\u00ebt\u00eb arsye madhore p\u00ebr pjes\u00ebmarrje masive, q\u00eb jep nj\u00eb personalitet i madh i kombit ton\u00eb dhe me integritet t\u00eb jasht\u00ebzakonsh\u00ebm, Kim Mehmeti: \u201cShqip\u00ebria e ka pru pun\u00ebn deri aty sa shtetin duhet ta mbrosh nga pushteti, gj\u00eb q\u00eb u ndodh vendeve t\u00eb marra peng nga strukturat kriminale. Dhe ato shtete jan\u00eb pron\u00eb e regjimit e jo e popullit. Shqip\u00ebria prej moti \u00ebsht\u00eb b\u00ebr\u00eb pron\u00eb e \u2018Rilindjes\u2019 s\u00eb Piktorit, nd\u00ebrkaq shqiptar\u00ebt n\u00eb t\u00eb jan\u00eb si pengje t\u00eb rrezikuar, q\u00eb m\u00eb kot presin shp\u00ebtim nga vendet e Per\u00ebndimit\u201d. Ndaj t\u00eb gjith\u00eb p\u00ebr shtetin kund\u00ebr pu\u00e7it t\u00eb pushtetit! #P\u00ebrKushtetut\u00ebn #P\u00ebrRepublik\u00ebn #P\u00ebrShqip\u00ebrin\u00eb #P\u00ebrKombin<\/p>","protected":false},"excerpt":{"rendered":"<p>Tedi Blushi b\u00ebn s\u00ebrish thirrje p\u00ebr pjes\u00ebmarrje n\u00eb manifestimin e 2 marsit. P\u00ebrmes nj\u00eb postimi n\u00eb Facebook, z\u00ebdh\u00ebn\u00ebsi i presidentit, shkruan se nj\u00eb arsye madhore p\u00ebr pjes\u00ebmarrje e ka dh\u00ebn\u00eb edhe publicisti, Kim Mehmeti, duke ndar\u00eb nj\u00eb th\u00ebnie t\u00eb tij. Tedi Blushi: T\u00eb gjith\u00eb tellall\u00ebve t\u00eb pu\u00e7it kushtetues, q\u00eb nxisin diversione t\u00eb r\u00ebndomta p\u00ebr Manifestimin [&hellip;]<\/p>\n","protected":false},"author":2013,"featured_media":99695,"comment_status":"open","ping_status":"closed","sticky":false,"template":"","format":"standard","meta":{"footnotes":""},"categories":[241,235],"tags":[],"class_list":{"0":"post-122801","1":"post","2":"type-post","3":"status-publish","4":"format-standard","5":"has-post-thumbnail","7":"category-aktualitet","8":"category-vendi"},"_links":{"self":[{"href":"https:\/\/zjarr.tv\/en\/wp-json\/wp\/v2\/posts\/122801","targetHints":{"allow":["GET"]}}],"collection":[{"href":"https:\/\/zjarr.tv\/en\/wp-json\/wp\/v2\/posts"}],"about":[{"href":"https:\/\/zjarr.tv\/en\/wp-json\/wp\/v2\/types\/post"}],"author":[{"embeddable":true,"href":"https:\/\/zjarr.tv\/en\/wp-json\/wp\/v2\/users\/2013"}],"replies":[{"embeddable":true,"href":"https:\/\/zjarr.tv\/en\/wp-json\/wp\/v2\/comments?post=122801"}],"version-history":[{"count":0,"href":"https:\/\/zjarr.tv\/en\/wp-json\/wp\/v2\/posts\/122801\/revisions"}],"wp:featuredmedia":[{"embeddable":true,"href":"https:\/\/zjarr.tv\/en\/wp-json\/wp\/v2\/media\/99695"}],"wp:attachment":[{"href":"https:\/\/zjarr.tv\/en\/wp-json\/wp\/v2\/media?parent=122801"}],"wp:term":[{"taxonomy":"category","embeddable":true,"href":"https:\/\/zjarr.tv\/en\/wp-json\/wp\/v2\/categories?post=122801"},{"taxonomy":"post_tag","embeddable":true,"href":"https:\/\/zjarr.tv\/en\/wp-json\/wp\/v2\/tags?post=122801"}],"curies":[{"name":"wp","href":"https:\/\/api.w.org\/{rel}","templated":true}]}}