{"id":122808,"date":"2020-02-26T15:27:41","date_gmt":"2020-02-26T14:27:41","guid":{"rendered":"https:\/\/zjarr.tv\/?p=122808"},"modified":"2020-02-26T15:27:41","modified_gmt":"2020-02-26T14:27:41","slug":"deshton-negociata-me-privatin-godina-e-re-e-teatrit-kombetar-do-te-jete-investim-publik","status":"publish","type":"post","link":"https:\/\/zjarr.tv\/en\/deshton-negociata-me-privatin-godina-e-re-e-teatrit-kombetar-do-te-jete-investim-publik\/","title":{"rendered":"D\u00ebshton negociata me privatin, godina e re e Teatrit Komb\u00ebtar do t\u00eb jet\u00eb investim publik"},"content":{"rendered":"<p>D\u00ebshtojn\u00eb negociatat mes kompanis\u00eb private dhe Bashkis\u00eb Tiran\u00eb.<\/p>\n<p>Teatri i ri do t\u00eb nd\u00ebrtohet me fondet e shtetit, b\u00ebhet e ditur n\u00eb nj\u00eb njoftim t\u00eb Bashkis\u00eb s\u00eb Tiran\u00ebs.<\/p>\n<p>N\u00eb deklarat\u00ebn e b\u00ebr\u00eb publike, bashkia tiran\u00eb shkruan se: \u201c<em>Komisioni i negocimit, n\u00eb mb\u00ebshtetje t\u00eb t\u00eb gjitha k\u00ebrkesave t\u00eb komunitetit t\u00eb artist\u00ebve p\u00ebr nj\u00eb teat\u00ebr modern, i cili p\u00ebrmbush kriteret e nevojshme p\u00ebr realizimin profesional e me cil\u00ebsi t\u00eb shfaqjeve teatrale, nuk arriti t\u00eb gjej\u00eb dakord\u00ebsin\u00eb me pal\u00ebn private.\u201d<\/em><\/p>\n<p>Bashkia sqaron pak m\u00eb posht\u00eb se godina e re e Teatrit komb\u00ebtar do t\u00eb nd\u00ebrtohet nga shtetit si nj\u00eb investim publik.<\/p>\n<p><em>\u201cNisur nga interesi p\u00ebr t\u00eb nd\u00ebrtuar nj\u00eb godin\u00eb bashk\u00ebkohore dhe moderne, q\u00eb plot\u00ebson t\u00eb gjitha kushtet teknike p\u00ebr realizimin e shfaqjeve, e cila t\u2019i sh\u00ebrbej\u00eb komunitetit artistik teatror dhe publikut artdash\u00ebs, Qeveria dhe Bashkia e Tiran\u00ebs vendos\u00ebn q\u00eb godina e re e Teatrit Komb\u00ebtar t\u00eb nd\u00ebrtohet nga shteti si nj\u00eb investim publik.\u201d<\/em><\/p>\n<p><strong>Deklarat\u00eb e Bashkis\u00eb s\u00eb Tiran\u00ebs:<\/strong><\/p>\n<p>N\u00eb mb\u00ebshtetje t\u00eb ligjit nr. 37\/2018 dhe vendimit nr. 352, dat\u00eb 04.04.2019 t\u00eb K\u00ebshillit t\u00eb Ministrave, pran\u00eb Bashkis\u00eb s\u00eb Tiran\u00ebs u ngrit komisioni p\u00ebr vler\u00ebsimin, negocimin dhe lidhjen e kontrat\u00ebs me objekt \u201cProjektimin dhe realizimin e projektit urban dhe godin\u00ebs s\u00eb re t\u00eb Teatrit Komb\u00ebtar\u201d, n\u00eb p\u00ebrb\u00ebrje t\u00eb t\u00eb cilit ishte edhe p\u00ebrfaq\u00ebsia e artist\u00ebve.<\/p>\n<p>Komisioni i vler\u00ebsimit dhe negocimit nisi pun\u00ebn me hartimin e thirrjes s\u00eb hapur p\u00ebr pal\u00ebt private t\u00eb interesuara, p\u00ebr t\u00eb marr\u00eb pjes\u00eb n\u00eb k\u00ebt\u00eb procedur\u00eb konkurruese dhe paraqitjen e nj\u00eb oferte financiare p\u00ebr nd\u00ebrtimin e godin\u00ebs s\u00eb re t\u00eb Teatrit Komb\u00ebtar dhe zhvillimin e zon\u00ebs urbane. Thirrja e hapur u publikua n\u00eb faqen zyrtare t\u00eb Bashkis\u00eb s\u00eb Tiran\u00ebs, si dhe u d\u00ebrgua p\u00ebr botim n\u00eb buletinin zyrtar t\u00eb Agjencis\u00eb s\u00eb Prokurimeve Publike.<\/p>\n<p>Pas p\u00ebrfundimit t\u00eb afatit p\u00ebr dor\u00ebzimin e ofertave, komisioni i vler\u00ebsimit, n\u00eb p\u00ebrputhje me parashikimet ligjore dhe n\u00ebn ekspertiz\u00ebn konsulentit t\u00eb p\u00ebrzgjedhur p\u00ebr t\u00eb ndihmuar komisionin, nisi pun\u00ebn me negocimin e ofert\u00ebs s\u00eb pal\u00ebs private t\u00eb interesuar.<\/p>\n<p>Komisioni i negocimit, n\u00eb mb\u00ebshtetje t\u00eb t\u00eb gjitha k\u00ebrkesave t\u00eb komunitetit t\u00eb artist\u00ebve p\u00ebr nj\u00eb teat\u00ebr modern, i cili p\u00ebrmbush kriteret e nevojshme p\u00ebr realizimin profesional e me cil\u00ebsi t\u00eb shfaqjeve teatrale, nuk arriti t\u00eb gjej\u00eb dakord\u00ebsin\u00eb me pal\u00ebn private. Modeli financiar i propozuar nga pala private e interesuar p\u00ebr nd\u00ebrtimin e godin\u00ebs s\u00eb Teatrit t\u00eb ri Komb\u00ebtar dhe zhvillimit t\u00eb zon\u00ebs urbane, por edhe kompleksiteti i projektit, i cili duhet t\u00eb p\u00ebrmbushte t\u00eb gjitha k\u00ebrkesat teknike t\u00eb k\u00ebrkuara nga p\u00ebrfaq\u00ebsia e artist\u00ebve n\u00eb komision, nuk mund\u00ebsonte nd\u00ebrtimin e godin\u00ebs n\u00eb nj\u00eb koh\u00eb t\u00eb shpejt\u00eb dhe me infrastruktur\u00eb moderne p\u00ebr nj\u00eb teat\u00ebr bashk\u00ebkohor.<\/p>\n<p>Nisur nga interesi p\u00ebr t\u00eb nd\u00ebrtuar nj\u00eb godin\u00eb bashk\u00ebkohore dhe moderne, q\u00eb plot\u00ebson t\u00eb gjitha kushtet teknike p\u00ebr realizimin e shfaqjeve, e cila t\u2019i sh\u00ebrbej\u00eb komunitetit artistik teatror dhe publikut artdash\u00ebs, Qeveria dhe Bashkia e Tiran\u00ebs vendos\u00ebn q\u00eb godina e re e Teatrit Komb\u00ebtar t\u00eb nd\u00ebrtohet nga shteti si nj\u00eb investim publik.<\/p>\n<p>P\u00ebr k\u00ebto arsye, Bashkia e Tiran\u00ebs do t\u2019i k\u00ebrkoj\u00eb Qeveris\u00eb Shqiptare q\u00eb ta mb\u00ebshtes\u00eb financiarisht p\u00ebr realizimin e k\u00ebsaj vepre ikonike p\u00ebr qytetin dhe vendin ton\u00eb. Bashkia e Tiran\u00ebs zotohet se do ta nd\u00ebrtoj\u00eb Teatrin e ri Komb\u00ebtar n\u00eb nj\u00eb koh\u00eb m\u00eb t\u00eb shkurt\u00ebr kalendarike dhe n\u00eb p\u00ebrmbushje t\u00eb t\u00eb gjitha k\u00ebrkesave teknike t\u00eb shprehura nga komuniteti i artist\u00ebve n\u00eb konsultimet publike.<\/p>\n<p>Puna p\u00ebr nd\u00ebrtimin e godin\u00ebs s\u00eb re t\u00eb Teatrit Komb\u00ebtar do t\u00eb nis\u00eb brenda vitit t\u00eb 100 vjetorit t\u00eb shpalljes s\u00eb Tiran\u00ebs Kryeqytet t\u00eb Shqip\u00ebris\u00eb.<\/p>","protected":false},"excerpt":{"rendered":"<p>D\u00ebshtojn\u00eb negociatat mes kompanis\u00eb private dhe Bashkis\u00eb Tiran\u00eb. Teatri i ri do t\u00eb nd\u00ebrtohet me fondet e shtetit, b\u00ebhet e ditur n\u00eb nj\u00eb njoftim t\u00eb Bashkis\u00eb s\u00eb Tiran\u00ebs. N\u00eb deklarat\u00ebn e b\u00ebr\u00eb publike, bashkia tiran\u00eb shkruan se: \u201cKomisioni i negocimit, n\u00eb mb\u00ebshtetje t\u00eb t\u00eb gjitha k\u00ebrkesave t\u00eb komunitetit t\u00eb artist\u00ebve p\u00ebr nj\u00eb teat\u00ebr modern, i [&hellip;]<\/p>\n","protected":false},"author":2013,"featured_media":81066,"comment_status":"open","ping_status":"closed","sticky":false,"template":"","format":"standard","meta":{"footnotes":""},"categories":[241,235],"tags":[],"class_list":{"0":"post-122808","1":"post","2":"type-post","3":"status-publish","4":"format-standard","5":"has-post-thumbnail","7":"category-aktualitet","8":"category-vendi"},"_links":{"self":[{"href":"https:\/\/zjarr.tv\/en\/wp-json\/wp\/v2\/posts\/122808","targetHints":{"allow":["GET"]}}],"collection":[{"href":"https:\/\/zjarr.tv\/en\/wp-json\/wp\/v2\/posts"}],"about":[{"href":"https:\/\/zjarr.tv\/en\/wp-json\/wp\/v2\/types\/post"}],"author":[{"embeddable":true,"href":"https:\/\/zjarr.tv\/en\/wp-json\/wp\/v2\/users\/2013"}],"replies":[{"embeddable":true,"href":"https:\/\/zjarr.tv\/en\/wp-json\/wp\/v2\/comments?post=122808"}],"version-history":[{"count":0,"href":"https:\/\/zjarr.tv\/en\/wp-json\/wp\/v2\/posts\/122808\/revisions"}],"wp:featuredmedia":[{"embeddable":true,"href":"https:\/\/zjarr.tv\/en\/wp-json\/wp\/v2\/media\/81066"}],"wp:attachment":[{"href":"https:\/\/zjarr.tv\/en\/wp-json\/wp\/v2\/media?parent=122808"}],"wp:term":[{"taxonomy":"category","embeddable":true,"href":"https:\/\/zjarr.tv\/en\/wp-json\/wp\/v2\/categories?post=122808"},{"taxonomy":"post_tag","embeddable":true,"href":"https:\/\/zjarr.tv\/en\/wp-json\/wp\/v2\/tags?post=122808"}],"curies":[{"name":"wp","href":"https:\/\/api.w.org\/{rel}","templated":true}]}}