{"id":122820,"date":"2020-02-26T16:29:03","date_gmt":"2020-02-26T15:29:03","guid":{"rendered":"https:\/\/zjarr.tv\/?p=122820"},"modified":"2020-02-26T16:29:03","modified_gmt":"2020-02-26T15:29:03","slug":"meta-kujton-rastin-e-ngjashem-ne-rumani-ja-si-presidenti-protestoi-per-mbrojtjen-e-shtetit-ligjor","status":"publish","type":"post","link":"https:\/\/zjarr.tv\/en\/meta-kujton-rastin-e-ngjashem-ne-rumani-ja-si-presidenti-protestoi-per-mbrojtjen-e-shtetit-ligjor\/","title":{"rendered":"Meta kujton rastin e ngjash\u00ebm n\u00eb Rumani: Ja si presidenti protestoi p\u00ebr mbrojtjen e shtetit ligjor"},"content":{"rendered":"<p>Presidenti i Republik\u00ebs Ilir Meta iu ka b\u00ebr\u00eb thirrje s\u00ebrish shqiptar\u00ebve q\u00eb t\u00eb dalin n\u00eb manifestimin e dat\u00ebs 2 mars, n\u00eb at\u00eb q\u00eb e konsideron protest\u00eb t\u00eb shqiptar\u00ebve t\u00eb bashkuar kund\u00ebr pucist\u00ebve t\u00eb zbuluar.<\/p>\n<p>Meta ka kujtuar nj\u00eb rast t\u00eb ngjash\u00ebm q\u00eb ka ndodhur n\u00eb Rumani, ku presidenti i koh\u00ebs protestoi n\u00eb mbrojtje t\u00eb shtetit ligjor dhe t\u00eb Kushtetut\u00ebs s\u00eb vendit.<\/p>\n<p><strong>Postimi i presidentit shqiptar Ilir Meta:<\/strong><\/p>\n<p>Kujtoj se vet\u00ebm 3 vite m\u00eb par\u00eb, Presidenti i Rumanis\u00eb mike, vend an\u00ebtar n\u00eb NATO dhe n\u00eb Bashkimin Europian, doli n\u00eb protest\u00eb n\u00eb mbrojtje t\u00eb shtetit ligjor dhe kund\u00ebr dhunimit t\u00eb Kushtetut\u00ebs nga nj\u00eb mazhoranc\u00eb dhe Parlament plot\u00ebsisht kushtetues.<\/p>\n<p>Presidenti rumun ju bashkua protestave t\u00eb m\u00ebdha popullore kund\u00ebr korrupsionit, arbitraritetit, vendimeve t\u00eb marra n\u00eb err\u00ebsir\u00eb, ndryshimeve mafioze t\u00eb legjislacionit n\u00eb fuqi nga deputet\u00ebt legjitim\u00eb, por n\u00eb konflikt t\u00eb hapur interesi, si dhe pastrimit t\u00eb politik\u00ebs nga kriminel\u00ebt.<\/p>\n<p>P\u00ebr t\u00eb gjith\u00eb ata q\u00eb b\u00ebjn\u00eb sikur harrojn\u00eb, po u sjell n\u00eb v\u00ebmendje rastin e fresk\u00ebt t\u00eb k\u00ebtij shteti an\u00ebtar t\u00eb NATO-s dhe BE-s\u00eb, ku Presidenti dhe populli protestuan s\u00eb bashku kund\u00ebr qeverisjes s\u00eb mbrapsht\u00eb.<\/p>\n<p>Nuk vend n\u00eb Europ\u00eb pa Gjykat\u00eb Kushtetuese dhe pa Gjykat\u00eb t\u00eb Lart\u00eb q\u00eb prej dy vitesh. Nuk ka vend n\u00eb Europ\u00eb ku nj\u00eb dor\u00eb e vetme, pasi kalon ligj pas ligji anti-kushtetuese, mbush zyrat e shtetit me trafikant\u00eb e kriminel\u00eb dhe ngre celula mafioze n\u00eb krye t\u00eb ministris\u00eb s\u00eb Drejt\u00ebsis\u00eb, me q\u00ebllim p\u00ebr t\u00eb kapur edhe drejt\u00ebsin\u00eb.<\/p>\n<p>Nuk ka vend an\u00ebtar t\u00eb NATO-s, ku korrupsioni shkat\u00ebrron \u00e7do dit\u00eb ekonomin\u00eb, ku mungon totalisht llogaridh\u00ebnia n\u00eb \u00e7do nivel dhe ku \u00ebsht\u00eb asgjesuar balanca e pushteteve.<\/p>\n<p>N\u00ebse ne Rumani, Presidenti dhe populli u detyruan t\u00eb dilnin n\u00eb protest\u00eb p\u00ebr nj\u00eb situat\u00eb aspak normale, n\u00eb Shqip\u00ebri situata \u00ebsht\u00eb aq her\u00eb m\u00eb e r\u00ebnd\u00eb, sa Presidenti s\u00eb bashku me popullin duhet t\u00eb dilte \u00e7do dit\u00eb n\u00eb shesh.<\/p>\n<p>Ndaj p\u00ebr k\u00ebdo q\u00eb e ka harruar apo nuk do ta kujtoj\u00eb rastin e Rumanis\u00eb, po ia risjell n\u00eb v\u00ebmendje, duke i ftuar s\u00ebrish shqiptar\u00ebt n\u00eb 2 mars n\u00eb Bulevardin \u201cD\u00ebshmor\u00ebt e Kombit\u201d n\u00eb Manifestimin Mbar\u00ebkomb\u00ebtar, t\u00eb papar\u00eb ndonj\u00ebher\u00eb n\u00eb Shqip\u00ebri, kund\u00ebr grushtit t\u00eb shtetit.<\/p>\n<p>Shqiptar\u00ebt e bashkuar kund\u00ebr pu\u00e7ist\u00ebve t\u00eb zbuluar! \ud83c\udde6\ud83c\uddf1<\/p>\n<p>#P\u00ebrKushtetut\u00ebn #P\u00ebrRepublik\u00ebn #P\u00ebrShqip\u00ebrin\u00eb #P\u00ebrKombin<\/p>","protected":false},"excerpt":{"rendered":"<p>Presidenti i Republik\u00ebs Ilir Meta iu ka b\u00ebr\u00eb thirrje s\u00ebrish shqiptar\u00ebve q\u00eb t\u00eb dalin n\u00eb manifestimin e dat\u00ebs 2 mars, n\u00eb at\u00eb q\u00eb e konsideron protest\u00eb t\u00eb shqiptar\u00ebve t\u00eb bashkuar kund\u00ebr pucist\u00ebve t\u00eb zbuluar. Meta ka kujtuar nj\u00eb rast t\u00eb ngjash\u00ebm q\u00eb ka ndodhur n\u00eb Rumani, ku presidenti i koh\u00ebs protestoi n\u00eb mbrojtje t\u00eb shtetit [&hellip;]<\/p>\n","protected":false},"author":2013,"featured_media":115193,"comment_status":"open","ping_status":"closed","sticky":false,"template":"","format":"standard","meta":{"footnotes":""},"categories":[241,235],"tags":[],"class_list":{"0":"post-122820","1":"post","2":"type-post","3":"status-publish","4":"format-standard","5":"has-post-thumbnail","7":"category-aktualitet","8":"category-vendi"},"_links":{"self":[{"href":"https:\/\/zjarr.tv\/en\/wp-json\/wp\/v2\/posts\/122820","targetHints":{"allow":["GET"]}}],"collection":[{"href":"https:\/\/zjarr.tv\/en\/wp-json\/wp\/v2\/posts"}],"about":[{"href":"https:\/\/zjarr.tv\/en\/wp-json\/wp\/v2\/types\/post"}],"author":[{"embeddable":true,"href":"https:\/\/zjarr.tv\/en\/wp-json\/wp\/v2\/users\/2013"}],"replies":[{"embeddable":true,"href":"https:\/\/zjarr.tv\/en\/wp-json\/wp\/v2\/comments?post=122820"}],"version-history":[{"count":0,"href":"https:\/\/zjarr.tv\/en\/wp-json\/wp\/v2\/posts\/122820\/revisions"}],"wp:featuredmedia":[{"embeddable":true,"href":"https:\/\/zjarr.tv\/en\/wp-json\/wp\/v2\/media\/115193"}],"wp:attachment":[{"href":"https:\/\/zjarr.tv\/en\/wp-json\/wp\/v2\/media?parent=122820"}],"wp:term":[{"taxonomy":"category","embeddable":true,"href":"https:\/\/zjarr.tv\/en\/wp-json\/wp\/v2\/categories?post=122820"},{"taxonomy":"post_tag","embeddable":true,"href":"https:\/\/zjarr.tv\/en\/wp-json\/wp\/v2\/tags?post=122820"}],"curies":[{"name":"wp","href":"https:\/\/api.w.org\/{rel}","templated":true}]}}