{"id":122827,"date":"2020-02-27T11:49:03","date_gmt":"2020-02-27T10:49:03","guid":{"rendered":"https:\/\/zjarr.tv\/?p=122827"},"modified":"2020-02-27T11:49:03","modified_gmt":"2020-02-27T10:49:03","slug":"ps-tre-dite-kongres-nis-me-grate-dhe-mbyllet-me-te-rinjte-te-shtunen-kulmi","status":"publish","type":"post","link":"https:\/\/zjarr.tv\/en\/ps-tre-dite-kongres-nis-me-grate-dhe-mbyllet-me-te-rinjte-te-shtunen-kulmi\/","title":{"rendered":"PS tre dit\u00eb Kongres, nis me grat\u00eb dhe mbyllet me t\u00eb rinjt\u00eb. T\u00eb shtun\u00ebn kulmi"},"content":{"rendered":"<p>Partia Socialiste do t\u00eb mbaj\u00eb 3 dit\u00eb Kongresin Zgjedhor n\u00eb Pallatin e Kongresit ku do t\u00eb zgjidhen edhe an\u00ebtar\u00ebt e rinj t\u00eb Asambles\u00eb Komb\u00ebtare.<\/p>\n<p>Punimet e ndara n\u00eb tre sesione, nisin t\u00eb premten ku do t\u00eb diskutohet p\u00ebr grat\u00eb nga ora 17:00-19:00. I pranish\u00ebm do t\u00eb jet\u00eb dhe kryeministri \u00a0Edi Rama.<\/p>\n<p>Kulmi dhe dita m\u00eb inteNsive e Kongresit \u00ebsht\u00eb parashikuar e shtuna. Faza e par\u00eb nis nga ora 10:00-12:00, ku fillimisht do ta marrin fjal\u00ebn Ministrat pastaj Kryeministri Rama. Faza e dyt\u00eb nis nga ora \u00a012:00-15:00 me dyer t\u00eb mbyllura.<\/p>\n<p>Pjesa kryesore e diskutimeve do t\u00eb p\u00ebrq\u00ebndrohet tek Anti-K\u00c7K! Faza e tret\u00eb nis n\u00eb or\u00ebn 15:00, ku do t\u00eb votohet p\u00ebr t\u00eb zgjedhur 134 emrat e Asambles\u00eb s\u00eb re Komb\u00ebtare t\u00eb PS.<\/p>\n<p>Nd\u00ebrkoh\u00eb Kongresin do ta mbyllin t\u00eb rinjt\u00eb. T\u00eb diel\u00ebn \u00ebsht\u00eb parashikuar nj\u00eb diskutim p\u00ebr ta nga ora 10:00-11:00.<\/p>","protected":false},"excerpt":{"rendered":"<p>Partia Socialiste do t\u00eb mbaj\u00eb 3 dit\u00eb Kongresin Zgjedhor n\u00eb Pallatin e Kongresit ku do t\u00eb zgjidhen edhe an\u00ebtar\u00ebt e rinj t\u00eb Asambles\u00eb Komb\u00ebtare. Punimet e ndara n\u00eb tre sesione, nisin t\u00eb premten ku do t\u00eb diskutohet p\u00ebr grat\u00eb nga ora 17:00-19:00. I pranish\u00ebm do t\u00eb jet\u00eb dhe kryeministri \u00a0Edi Rama. Kulmi dhe dita m\u00eb [&hellip;]<\/p>\n","protected":false},"author":2013,"featured_media":122828,"comment_status":"open","ping_status":"closed","sticky":false,"template":"","format":"standard","meta":{"footnotes":""},"categories":[241,235],"tags":[],"class_list":{"0":"post-122827","1":"post","2":"type-post","3":"status-publish","4":"format-standard","5":"has-post-thumbnail","7":"category-aktualitet","8":"category-vendi"},"_links":{"self":[{"href":"https:\/\/zjarr.tv\/en\/wp-json\/wp\/v2\/posts\/122827","targetHints":{"allow":["GET"]}}],"collection":[{"href":"https:\/\/zjarr.tv\/en\/wp-json\/wp\/v2\/posts"}],"about":[{"href":"https:\/\/zjarr.tv\/en\/wp-json\/wp\/v2\/types\/post"}],"author":[{"embeddable":true,"href":"https:\/\/zjarr.tv\/en\/wp-json\/wp\/v2\/users\/2013"}],"replies":[{"embeddable":true,"href":"https:\/\/zjarr.tv\/en\/wp-json\/wp\/v2\/comments?post=122827"}],"version-history":[{"count":0,"href":"https:\/\/zjarr.tv\/en\/wp-json\/wp\/v2\/posts\/122827\/revisions"}],"wp:featuredmedia":[{"embeddable":true,"href":"https:\/\/zjarr.tv\/en\/wp-json\/wp\/v2\/media\/122828"}],"wp:attachment":[{"href":"https:\/\/zjarr.tv\/en\/wp-json\/wp\/v2\/media?parent=122827"}],"wp:term":[{"taxonomy":"category","embeddable":true,"href":"https:\/\/zjarr.tv\/en\/wp-json\/wp\/v2\/categories?post=122827"},{"taxonomy":"post_tag","embeddable":true,"href":"https:\/\/zjarr.tv\/en\/wp-json\/wp\/v2\/tags?post=122827"}],"curies":[{"name":"wp","href":"https:\/\/api.w.org\/{rel}","templated":true}]}}