{"id":122837,"date":"2020-02-27T11:54:58","date_gmt":"2020-02-27T10:54:58","guid":{"rendered":"https:\/\/zjarr.tv\/?p=122837"},"modified":"2020-02-27T11:54:58","modified_gmt":"2020-02-27T10:54:58","slug":"terheqja-e-bashkise-per-teatrin-aleanca-veliaj-u-terhoq-pasi-po-hetohet-nga-spak","status":"publish","type":"post","link":"https:\/\/zjarr.tv\/en\/terheqja-e-bashkise-per-teatrin-aleanca-veliaj-u-terhoq-pasi-po-hetohet-nga-spak\/","title":{"rendered":"T\u00ebrheqja e bashkis\u00eb p\u00ebr teatrin, Aleanca: Veliaj u t\u00ebrhoq pasi po hetohet nga SPAK"},"content":{"rendered":"<p>P\u00ebrfaq\u00ebsues t\u00eb Aleanc\u00ebs p\u00ebr Teatrin, deklaruan t\u00eb enjten se Erion Veliaj u t\u00ebrhoq nga projekti p\u00ebr teatrin p\u00ebr shkak t\u00eb hetimeve t\u00eb SPAK. Nga Prokuroria e Tiran\u00ebs ku b\u00ebn kall\u00ebzim ndaj n\u00ebnkryetarit t\u00eb bashkis\u00eb Arbian Mazniku, p\u00ebrfaq\u00ebsuesit e Aleanc\u00ebs p\u00ebr Mbrojtjen e Teatrit u shpreh\u00ebn se n\u00eb dit\u00ebt n\u00eb vijim do t\u00eb publikohen fakte t\u00eb reja n\u00eb lidhje me dy akuzat e ngritura ndaj Veliajt p\u00ebr k\u00ebt\u00eb \u00e7\u00ebshtje.<\/p>\n<p><strong>Aktivistja e Aleanc\u00ebs:<\/strong>\u00a0<em>Ne aty do t\u00eb jemi derisa teatri t\u00eb marri vendimin p\u00ebr restaurim. Ju ftoj t\u00eb lezoni kall\u00ebzimin penal q\u00eb kemi b\u00ebr\u00eb ndaj kryetarit t\u00eb bashkis\u00eb. Ne Veliajn e kemi \u00e7uar n\u00eb strukturat e SPAK. E para ka t\u00eb b\u00ebj\u00eb me mos informimin dhe e dyta ka t\u00eb b\u00ebj\u00eb me termin \u201cnegociatat\u201d. Zoti Veliaj do njihet me hapat q\u00eb po merr SPAK p\u00ebr k\u00ebt\u00eb vep\u00ebr korruptive. Un\u00eb jam shum\u00eb i sigurt\u00eb se k\u00ebto veprime t\u00eb SPAK kan\u00eb ndikuar n\u00eb t\u00ebrheqjen e bashkis\u00eb.\u00a0<\/em><\/p>","protected":false},"excerpt":{"rendered":"<p>P\u00ebrfaq\u00ebsues t\u00eb Aleanc\u00ebs p\u00ebr Teatrin, deklaruan t\u00eb enjten se Erion Veliaj u t\u00ebrhoq nga projekti p\u00ebr teatrin p\u00ebr shkak t\u00eb hetimeve t\u00eb SPAK. Nga Prokuroria e Tiran\u00ebs ku b\u00ebn kall\u00ebzim ndaj n\u00ebnkryetarit t\u00eb bashkis\u00eb Arbian Mazniku, p\u00ebrfaq\u00ebsuesit e Aleanc\u00ebs p\u00ebr Mbrojtjen e Teatrit u shpreh\u00ebn se n\u00eb dit\u00ebt n\u00eb vijim do t\u00eb publikohen fakte t\u00eb [&hellip;]<\/p>\n","protected":false},"author":2013,"featured_media":122838,"comment_status":"open","ping_status":"closed","sticky":false,"template":"","format":"standard","meta":{"footnotes":""},"categories":[241,235],"tags":[],"class_list":{"0":"post-122837","1":"post","2":"type-post","3":"status-publish","4":"format-standard","5":"has-post-thumbnail","7":"category-aktualitet","8":"category-vendi"},"_links":{"self":[{"href":"https:\/\/zjarr.tv\/en\/wp-json\/wp\/v2\/posts\/122837","targetHints":{"allow":["GET"]}}],"collection":[{"href":"https:\/\/zjarr.tv\/en\/wp-json\/wp\/v2\/posts"}],"about":[{"href":"https:\/\/zjarr.tv\/en\/wp-json\/wp\/v2\/types\/post"}],"author":[{"embeddable":true,"href":"https:\/\/zjarr.tv\/en\/wp-json\/wp\/v2\/users\/2013"}],"replies":[{"embeddable":true,"href":"https:\/\/zjarr.tv\/en\/wp-json\/wp\/v2\/comments?post=122837"}],"version-history":[{"count":0,"href":"https:\/\/zjarr.tv\/en\/wp-json\/wp\/v2\/posts\/122837\/revisions"}],"wp:featuredmedia":[{"embeddable":true,"href":"https:\/\/zjarr.tv\/en\/wp-json\/wp\/v2\/media\/122838"}],"wp:attachment":[{"href":"https:\/\/zjarr.tv\/en\/wp-json\/wp\/v2\/media?parent=122837"}],"wp:term":[{"taxonomy":"category","embeddable":true,"href":"https:\/\/zjarr.tv\/en\/wp-json\/wp\/v2\/categories?post=122837"},{"taxonomy":"post_tag","embeddable":true,"href":"https:\/\/zjarr.tv\/en\/wp-json\/wp\/v2\/tags?post=122837"}],"curies":[{"name":"wp","href":"https:\/\/api.w.org\/{rel}","templated":true}]}}