{"id":122846,"date":"2020-02-27T12:00:43","date_gmt":"2020-02-27T11:00:43","guid":{"rendered":"https:\/\/zjarr.tv\/?p=122846"},"modified":"2020-02-27T12:00:43","modified_gmt":"2020-02-27T11:00:43","slug":"mbyllet-greva-e-urise-ne-ballsh-u-jepen-disa-rroga-punonjesve","status":"publish","type":"post","link":"https:\/\/zjarr.tv\/en\/mbyllet-greva-e-urise-ne-ballsh-u-jepen-disa-rroga-punonjesve\/","title":{"rendered":"Mbyllet greva e uris\u00eb n\u00eb Ballsh, u jepen disa rroga punonj\u00ebsve"},"content":{"rendered":"<p>Qindra punonj\u00ebs t\u00eb rafineris\u00eb s\u00eb naft\u00ebs n\u00eb Ballsh protestuan p\u00ebr nd\u00ebrprerjen e pun\u00ebs n\u00eb uzin\u00eb. Shkak p\u00ebr k\u00ebt\u00eb \u00ebsht\u00eb b\u00ebr\u00eb mos furnizimi i uzin\u00ebs me naft\u00eb bruto. Prej 10 dit\u00ebsh naft\u00ebtar\u00ebt u fut\u00ebn n\u00eb grev\u00eb urive duke i k\u00ebrkuar qeveris\u00eb shlyerjen e pagave p\u00ebr tre muaj dhe rikthimin n\u00eb pun\u00eb. Disa nga naft\u00ebtar\u00ebt shfaq\u00ebn probleme t\u00eb r\u00ebnda sh\u00ebndet\u00ebsore, por nuk hoq\u00ebn dor\u00eb nga greva. Madje ata paralajm\u00ebruan p\u00ebrshkall\u00ebzim t\u00eb protest\u00ebs p\u00ebr t\u00eb cil\u00ebn than\u00eb se pjes\u00eb e saj do t\u00eb ishin grat\u00eb dhe vajzat n\u00ebse nuk merrnin asnj\u00eb zgjidhje nga qeveria.<\/p>\n<p>Nd\u00ebrkos\u00eb dit\u00ebn e sotme naft\u00ebtar\u00ebt kan\u00eb njoftuar mbylljen grev\u00ebs s\u00eb uris\u00eb n\u00eb Ballsh.Burime p\u00ebr abcnews.al b\u00ebjn\u00eb me dije se ka kaluar paga p\u00ebr tre muajt, por naft\u00ebtar\u00ebt paralajm\u00ebrojn\u00eb vazhdimim t\u00eb protest\u00ebs p\u00ebr nisjen e pun\u00ebs n\u00eb Uzin\u00eb.<\/p>","protected":false},"excerpt":{"rendered":"<p>Qindra punonj\u00ebs t\u00eb rafineris\u00eb s\u00eb naft\u00ebs n\u00eb Ballsh protestuan p\u00ebr nd\u00ebrprerjen e pun\u00ebs n\u00eb uzin\u00eb. Shkak p\u00ebr k\u00ebt\u00eb \u00ebsht\u00eb b\u00ebr\u00eb mos furnizimi i uzin\u00ebs me naft\u00eb bruto. Prej 10 dit\u00ebsh naft\u00ebtar\u00ebt u fut\u00ebn n\u00eb grev\u00eb urive duke i k\u00ebrkuar qeveris\u00eb shlyerjen e pagave p\u00ebr tre muaj dhe rikthimin n\u00eb pun\u00eb. Disa nga naft\u00ebtar\u00ebt shfaq\u00ebn probleme [&hellip;]<\/p>\n","protected":false},"author":2013,"featured_media":122847,"comment_status":"open","ping_status":"closed","sticky":false,"template":"","format":"standard","meta":{"footnotes":""},"categories":[241,235],"tags":[],"class_list":{"0":"post-122846","1":"post","2":"type-post","3":"status-publish","4":"format-standard","5":"has-post-thumbnail","7":"category-aktualitet","8":"category-vendi"},"_links":{"self":[{"href":"https:\/\/zjarr.tv\/en\/wp-json\/wp\/v2\/posts\/122846","targetHints":{"allow":["GET"]}}],"collection":[{"href":"https:\/\/zjarr.tv\/en\/wp-json\/wp\/v2\/posts"}],"about":[{"href":"https:\/\/zjarr.tv\/en\/wp-json\/wp\/v2\/types\/post"}],"author":[{"embeddable":true,"href":"https:\/\/zjarr.tv\/en\/wp-json\/wp\/v2\/users\/2013"}],"replies":[{"embeddable":true,"href":"https:\/\/zjarr.tv\/en\/wp-json\/wp\/v2\/comments?post=122846"}],"version-history":[{"count":0,"href":"https:\/\/zjarr.tv\/en\/wp-json\/wp\/v2\/posts\/122846\/revisions"}],"wp:featuredmedia":[{"embeddable":true,"href":"https:\/\/zjarr.tv\/en\/wp-json\/wp\/v2\/media\/122847"}],"wp:attachment":[{"href":"https:\/\/zjarr.tv\/en\/wp-json\/wp\/v2\/media?parent=122846"}],"wp:term":[{"taxonomy":"category","embeddable":true,"href":"https:\/\/zjarr.tv\/en\/wp-json\/wp\/v2\/categories?post=122846"},{"taxonomy":"post_tag","embeddable":true,"href":"https:\/\/zjarr.tv\/en\/wp-json\/wp\/v2\/tags?post=122846"}],"curies":[{"name":"wp","href":"https:\/\/api.w.org\/{rel}","templated":true}]}}