{"id":122852,"date":"2020-02-27T12:48:13","date_gmt":"2020-02-27T11:48:13","guid":{"rendered":"https:\/\/zjarr.tv\/?p=122852"},"modified":"2020-02-27T12:48:13","modified_gmt":"2020-02-27T11:48:13","slug":"ofl-i-kerkon-justifikimin-e-pasurise-arben-frrokut-dhe-te-fortit-te-shijakut","status":"publish","type":"post","link":"https:\/\/zjarr.tv\/en\/ofl-i-kerkon-justifikimin-e-pasurise-arben-frrokut-dhe-te-fortit-te-shijakut\/","title":{"rendered":"OFL i k\u00ebrkon justifikimin e pasuris\u00eb Arben Frrokut dhe t\u00eb &#8220;fortit&#8221; t\u00eb Shijakut"},"content":{"rendered":"<p>Operacioni Forca e Ligjit ka vijuar edhe sot me d\u00ebrgimin e k\u00ebrkesave p\u00ebr vet\u00ebdeklarim p\u00ebr tre persona n\u00eb Tiran\u00eb dhe Shijak.<\/p>\n<p>Dy prej tyre jan\u00eb t\u00eb d\u00ebnuar p\u00ebr vrasje, nd\u00ebrsa i treti \u00a0pjes\u00eb e nj\u00eb organizate kriminale \u00a0t\u00eb trafikimit t\u00eb l\u00ebnd\u00ebve narkotike dhe shfryt\u00ebzimit t\u00eb prostitucionit.<\/p>\n<p>K\u00ebshtu OFL u ka d\u00ebrguar k\u00ebrkesat p\u00ebr vet\u00ebdeklarim t\u00eb pasuris\u00eb, shtetasve:<\/p>\n<p><strong>-Jasin Kala,\u00a0<\/strong>banues n\u00eb Shijak, i d\u00ebnuar p\u00ebr vepr\u00ebn penale \u201cVrasja me paramendim\u201d. Jasin Kala, alias Jasin Avdyli, me pseudonimin \u201cCine\u201d i Shijakut, i arrestuar n\u00eb kuad\u00ebr t\u00eb operacionit policor t\u00eb koduar \u201cVol-vo 4\u201d u lirua n\u00eb qershor t\u00eb 2019 p\u00ebr arsye sh\u00ebndet\u00ebsore.<\/p>\n<p><strong>-Arben Frroku, banues n\u00eb Tiran\u00eb,\u00a0<\/strong>i d\u00ebnuar p\u00ebr veprat penale &#8220;Vrasja n\u00eb rrethana t\u00eb tjera cil\u00ebsuese&#8221; dhe Arm\u00ebmbajtja pa leje\u201d. Frroku \u00ebsht\u00eb d\u00ebnuar me burgim t\u00eb p\u00ebrjetsh\u00ebm nga Gjykata e Apelit p\u00ebr Krime t\u00eb R\u00ebnda p\u00ebr vrasjen e ish-kryekomisarit t\u00eb Kombinatit Dritan Lamaj. Ai m\u00eb pas u arrestua n\u00eb Holand\u00eb, por Gjykata e Apelit n\u00eb Hag\u00eb n\u00eb shkurt t\u00eb vitit 2019 ka refuzuar ekstradimin e Arben Frrokut n\u00eb Shqip\u00ebri me argumentin se i rrezikohet jeta pasi d\u00ebnimi \u00ebsht\u00eb p\u00ebr arsye politike.<\/p>\n<p><strong>-Durim Ke\u00e7i, banues n\u00eb Shijak,<\/strong>\u00a0i d\u00ebnuar n\u00eb Itali p\u00ebr veprat penale \u201cShkat\u00ebrrim prone me pasoja t\u00eb r\u00ebnda\u201d, \u201cKrime me arm\u00eb kund\u00ebr personit\u201d, \u201cTrafikim i l\u00ebnd\u00ebve narkotike\u201d dhe \u201cPjes\u00ebmarrja n\u00eb organizat\u00eb kriminale, me q\u00ebllim trafikimin e l\u00ebnd\u00ebve narkotike dhe shfryt\u00ebzimin e prostitucionit&#8221;. Durim Ke\u00e7i, i njohur ndryshe edhe si i forti i Shijakut u arrestua n\u00eb Durr\u00ebs me 11 tetor t\u00eb 2017 por n\u00eb janar t\u00eb 2018 ai do ti shp\u00ebtonte ekstradimit, duke u liruar me pretendimin se e ka kryer d\u00ebnimin n\u00eb Itali. Ai rezulton i d\u00ebnuar n\u00eb vendin fqinj nga Gjykata e Xhenov\u00ebs me 9 vjet e 7 muaj e 22 dit\u00eb burg p\u00ebr nj\u00eb s\u00ebr\u00eb veprash penale.<\/p>\n<p>K\u00ebta individ\u00eb, si subjekt i Ligjit Special, duhet t\u2019u p\u00ebrgjigjen me shkrim, brenda 48 or\u00ebsh, t\u00eb gjitha pyetjeve t\u00eb OFL-s\u00eb, t\u00eb cilat do t\u2019i d\u00ebrgohen SPAK-ut, p\u00ebr veprime t\u00eb m\u00ebtejshme.<\/p>\n<p>OFL b\u00ebn me dije se t\u00eb gjith\u00eb personat q\u00eb iu \u00ebsht\u00eb d\u00ebrguar k\u00ebrkesa me shkrim p\u00ebr vet\u00ebdeklarimin e burimeve t\u00eb pasuris\u00eb, i kan\u00eb plot\u00ebsuar formular\u00ebt dhe i kan\u00eb dor\u00ebzuar pran\u00eb OFL-s\u00eb, e cila ka vijuar me procedurat, sipas p\u00ebrcaktimit n\u00eb Aktin Normativ nr. 1, t\u00eb dat\u00ebs 31 janar 2020.<\/p>","protected":false},"excerpt":{"rendered":"<p>Operacioni Forca e Ligjit ka vijuar edhe sot me d\u00ebrgimin e k\u00ebrkesave p\u00ebr vet\u00ebdeklarim p\u00ebr tre persona n\u00eb Tiran\u00eb dhe Shijak. Dy prej tyre jan\u00eb t\u00eb d\u00ebnuar p\u00ebr vrasje, nd\u00ebrsa i treti \u00a0pjes\u00eb e nj\u00eb organizate kriminale \u00a0t\u00eb trafikimit t\u00eb l\u00ebnd\u00ebve narkotike dhe shfryt\u00ebzimit t\u00eb prostitucionit. K\u00ebshtu OFL u ka d\u00ebrguar k\u00ebrkesat p\u00ebr vet\u00ebdeklarim t\u00eb [&hellip;]<\/p>\n","protected":false},"author":2013,"featured_media":121248,"comment_status":"open","ping_status":"closed","sticky":false,"template":"","format":"standard","meta":{"footnotes":""},"categories":[241,235],"tags":[],"class_list":{"0":"post-122852","1":"post","2":"type-post","3":"status-publish","4":"format-standard","5":"has-post-thumbnail","7":"category-aktualitet","8":"category-vendi"},"_links":{"self":[{"href":"https:\/\/zjarr.tv\/en\/wp-json\/wp\/v2\/posts\/122852","targetHints":{"allow":["GET"]}}],"collection":[{"href":"https:\/\/zjarr.tv\/en\/wp-json\/wp\/v2\/posts"}],"about":[{"href":"https:\/\/zjarr.tv\/en\/wp-json\/wp\/v2\/types\/post"}],"author":[{"embeddable":true,"href":"https:\/\/zjarr.tv\/en\/wp-json\/wp\/v2\/users\/2013"}],"replies":[{"embeddable":true,"href":"https:\/\/zjarr.tv\/en\/wp-json\/wp\/v2\/comments?post=122852"}],"version-history":[{"count":0,"href":"https:\/\/zjarr.tv\/en\/wp-json\/wp\/v2\/posts\/122852\/revisions"}],"wp:featuredmedia":[{"embeddable":true,"href":"https:\/\/zjarr.tv\/en\/wp-json\/wp\/v2\/media\/121248"}],"wp:attachment":[{"href":"https:\/\/zjarr.tv\/en\/wp-json\/wp\/v2\/media?parent=122852"}],"wp:term":[{"taxonomy":"category","embeddable":true,"href":"https:\/\/zjarr.tv\/en\/wp-json\/wp\/v2\/categories?post=122852"},{"taxonomy":"post_tag","embeddable":true,"href":"https:\/\/zjarr.tv\/en\/wp-json\/wp\/v2\/tags?post=122852"}],"curies":[{"name":"wp","href":"https:\/\/api.w.org\/{rel}","templated":true}]}}