{"id":122854,"date":"2020-02-27T12:51:56","date_gmt":"2020-02-27T11:51:56","guid":{"rendered":"https:\/\/zjarr.tv\/?p=122854"},"modified":"2020-02-27T12:51:56","modified_gmt":"2020-02-27T11:51:56","slug":"shqiperia-e-para-ne-ballkan-per-azilkerkuesit","status":"publish","type":"post","link":"https:\/\/zjarr.tv\/en\/shqiperia-e-para-ne-ballkan-per-azilkerkuesit\/","title":{"rendered":"Shqip\u00ebria, e para n\u00eb Ballkan p\u00ebr azilk\u00ebrkuesit"},"content":{"rendered":"<p><em>K\u00ebrkesat p\u00ebr azil nga shqiptar\u00ebt n\u00eb shtetet e Bashkimit Europian n\u00eb vitin 2019 ishin 5 deri 15-fish m\u00eb t\u00eb larta sesa fqinj\u00ebt e Ballkanit. Shtetet me flukse m\u00eb t\u00eb larta t\u00eb azilk\u00ebrkuesve shqiptar\u00eb jan\u00eb Gjermania, Franca dhe Mbret\u00ebria e Bashkuar.<\/em><\/p>\n<p>Mij\u00ebra shqiptar\u00eb vazhdojn\u00eb t\u00eb tentojn\u00eb \u00e7do vit strehimin n\u00eb vendet e Bashkimit Europian p\u00ebr shkaqe ekonomike dhe politiko-sociale.<\/p>\n<p>K\u00ebrkesat nga azilk\u00ebrkuesit shqiptar\u00eb n\u00eb shtetet e BE-s\u00eb u rrit\u00ebn me 7 p\u00ebr qind n\u00eb vitin 2019 nga viti i kaluar.<\/p>\n<p>Sipas Agjencis\u00eb Europiane p\u00ebr Mb\u00ebshtetjen e Azilit, n\u00eb nivel vjetor totali i aplikimeve p\u00ebr her\u00eb t\u00eb par\u00eb arriti n\u00eb 20,256, me nj\u00eb mesatare prej afro 1,700 aplikimesh p\u00ebr azil \u00e7do muaj.<\/p>\n<p>N\u00eb nivel rajonal, numri i azilk\u00ebrkuesve nga Shqip\u00ebria ishte pes\u00ebfish m\u00eb i lart\u00eb sesa ata nga Serbia, q\u00eb raportoi rreth 3,900 aplikime p\u00ebr azil, Kosova 2,765, Maqedonia e Veriut 2,680, dhe Bosnj\u00eb-Hercegovina, 1,313.<\/p>\n<p>N\u00eb rastin e Shqip\u00ebris\u00eb, autoritetet refuzuan mbi 94 p\u00ebr qind t\u00eb k\u00ebrkesave p\u00ebr status refugjati dhe p\u00ebr mbrojtje sipas t\u00eb drejtave nd\u00ebrkomb\u00ebtare t\u00eb njeriut.<\/p>\n<p>Kjo p\u00ebrqindje p\u00ebr vendet e rajonit ishte m\u00eb e ul\u00ebt, vet\u00ebm 1 p\u00ebr qind k\u00ebrkesa t\u00eb pranuara p\u00ebr azil.<\/p>\n<p>List\u00ebn e p\u00ebrgjigjeve pozitive sipas p\u00ebrqindjes s\u00eb aplikimeve e kryesuan t\u00eb ardhurit nga vendet n\u00eb luft\u00eb, sirian\u00ebt dhe jemenasit.<\/p>\n<p>N\u00eb vitin 2019, k\u00ebrkesat p\u00ebr azil nga e gjith\u00eb bota n\u00eb vendet e BE-s\u00eb u rrit\u00ebn me 13 p\u00ebr qind n\u00eb mbi 700 mij\u00eb.<\/p>\n<p>Aplikimet m\u00eb t\u00eb shumta erdh\u00ebn nga sirian\u00ebt dhe afgan\u00ebt, por mes 10 komb\u00ebsive kryesore ishin edhe turqit, iranian\u00ebt, nigerian\u00ebt dhe shqiptar\u00ebt.<\/p>","protected":false},"excerpt":{"rendered":"<p>K\u00ebrkesat p\u00ebr azil nga shqiptar\u00ebt n\u00eb shtetet e Bashkimit Europian n\u00eb vitin 2019 ishin 5 deri 15-fish m\u00eb t\u00eb larta sesa fqinj\u00ebt e Ballkanit. Shtetet me flukse m\u00eb t\u00eb larta t\u00eb azilk\u00ebrkuesve shqiptar\u00eb jan\u00eb Gjermania, Franca dhe Mbret\u00ebria e Bashkuar. Mij\u00ebra shqiptar\u00eb vazhdojn\u00eb t\u00eb tentojn\u00eb \u00e7do vit strehimin n\u00eb vendet e Bashkimit Europian p\u00ebr shkaqe [&hellip;]<\/p>\n","protected":false},"author":2013,"featured_media":69280,"comment_status":"open","ping_status":"closed","sticky":false,"template":"","format":"standard","meta":{"footnotes":""},"categories":[241,235],"tags":[],"class_list":{"0":"post-122854","1":"post","2":"type-post","3":"status-publish","4":"format-standard","5":"has-post-thumbnail","7":"category-aktualitet","8":"category-vendi"},"_links":{"self":[{"href":"https:\/\/zjarr.tv\/en\/wp-json\/wp\/v2\/posts\/122854","targetHints":{"allow":["GET"]}}],"collection":[{"href":"https:\/\/zjarr.tv\/en\/wp-json\/wp\/v2\/posts"}],"about":[{"href":"https:\/\/zjarr.tv\/en\/wp-json\/wp\/v2\/types\/post"}],"author":[{"embeddable":true,"href":"https:\/\/zjarr.tv\/en\/wp-json\/wp\/v2\/users\/2013"}],"replies":[{"embeddable":true,"href":"https:\/\/zjarr.tv\/en\/wp-json\/wp\/v2\/comments?post=122854"}],"version-history":[{"count":0,"href":"https:\/\/zjarr.tv\/en\/wp-json\/wp\/v2\/posts\/122854\/revisions"}],"wp:featuredmedia":[{"embeddable":true,"href":"https:\/\/zjarr.tv\/en\/wp-json\/wp\/v2\/media\/69280"}],"wp:attachment":[{"href":"https:\/\/zjarr.tv\/en\/wp-json\/wp\/v2\/media?parent=122854"}],"wp:term":[{"taxonomy":"category","embeddable":true,"href":"https:\/\/zjarr.tv\/en\/wp-json\/wp\/v2\/categories?post=122854"},{"taxonomy":"post_tag","embeddable":true,"href":"https:\/\/zjarr.tv\/en\/wp-json\/wp\/v2\/tags?post=122854"}],"curies":[{"name":"wp","href":"https:\/\/api.w.org\/{rel}","templated":true}]}}