{"id":122859,"date":"2020-02-27T12:56:01","date_gmt":"2020-02-27T11:56:01","guid":{"rendered":"https:\/\/zjarr.tv\/?p=122859"},"modified":"2020-02-27T12:56:01","modified_gmt":"2020-02-27T11:56:01","slug":"rama-zbulon-ku-do-te-vendoset-karantina-per-koronavirusin-jemi-ne-situate-infodemie","status":"publish","type":"post","link":"https:\/\/zjarr.tv\/en\/rama-zbulon-ku-do-te-vendoset-karantina-per-koronavirusin-jemi-ne-situate-infodemie\/","title":{"rendered":"Rama zbulon ku do t\u00eb vendoset karantina p\u00ebr koronavirusin: Jemi n\u00eb situat\u00eb &#8220;infodemie&#8221;"},"content":{"rendered":"<p>Kryeministri Edi Rama ka hequr kuriozitetin e t\u00eb gjith\u00ebve, duke b\u00ebr\u00eb me dije se karantina p\u00ebr t\u00eb prekurit e mundsh\u00ebm nga koronavirusi do t\u00eb ngrihet n\u00eb kavalishenc\u00ebn e Durr\u00ebsit, Sht\u00ebpia e Pushimit e Ministris\u00eb s\u00eb Brendshme.<\/p>\n<p>Duke folur n\u00eb mbledhjen e Komitetit Komb\u00ebtar t\u00eb Siguris\u00eb, Rama tha se edhe n\u00eb \u00a0spitalin &#8220;Shefqet Ndroqi&#8221; ka kapacitete shtes\u00eb.<\/p>\n<p><em><strong>Edi Rama:\u00a0<\/strong>Komitetit Teknik ka vler\u00ebsuar disa ambiente si p\u00ebrshtatshme si karantina. \u00cbsht\u00eb p\u00ebr t\u00eb ardhur keq q\u00eb askund si n\u00eb vendin ton\u00eb t\u00eb vog\u00ebl nuk ndodh q\u00eb politikan\u00ebt t\u00eb b\u00ebjn\u00eb ato q\u00eb kan\u00eb b\u00ebr\u00eb gjat\u00eb k\u00ebtyre dit\u00ebve duke u p\u00ebrpjekur t\u00eb p\u00ebrhapin panik dhe duke dezifmoruar publikun. N\u00eb asnj\u00eb vend karantinat nuk nd\u00ebrtohen n\u00ebp\u00ebr male, pyje apo larg zonave t\u00eb banuara. N\u00eb rastin e par\u00eb t\u00eb vendosjes s\u00eb karantin\u00ebs ne kemi p\u00ebrcaktuar vendosjen e sht\u00ebpis\u00eb s\u00eb pushimit t\u00eb Ushtarak\u00ebve n\u00eb zon\u00ebn e Durr\u00ebsit. Me OBSH \u00ebsht\u00eb p\u00ebrcaktuar p\u00ebrmbushja e t\u00eb gjitha kushteve. N\u00eb spitalin &#8220;Shefqet Ndroqi&#8221; ka kapacitete shtes\u00eb. Ministria e Sh\u00ebndet\u00ebsis\u00eb ka nxjerr\u00eb urdhrin p\u00ebr masat e shtuara n\u00eb shkolla. Jan\u00eb rekomanduar qytetar\u00ebt t\u00eb kufizojn\u00eb udh\u00ebtimet jo t\u00eb domosdoshme n\u00eb zonat e prekura.<\/em><\/p>\n<p>Komentet nuk i shmangu edhe p\u00ebr lajmet e rreme p\u00ebr koronavirusin, t\u00eb cilat i quajtur infodemi.<\/p>\n<p><em><strong>Edi Rama:<\/strong>\u00a0Ne menj\u00ebher\u00eb filluam kontaktet e domosdoshme dhe n\u00eb nj\u00eb bot\u00eb q\u00eb \u00ebsht\u00eb gjithmon\u00eb e m\u00eb e vog\u00ebl p\u00ebr shkak t\u00eb nd\u00ebrveprimit intensiv. Edhe n\u00eb Italin\u00eb fqinje vazhdojn\u00eb p\u00ebrpjekjet p\u00ebr t\u00eb gjetur pacientin zero. E panjohura tjet\u00ebr \u00ebsht\u00eb p\u00ebrhapja. P\u00ebrhapja e tij \u00ebsht\u00eb e shpejt. Sot diksutohen se si sot vendet n\u00eb kufi me Kin\u00ebn nuk kan\u00eb ende asnj\u00eb rast t\u00eb prekur. Ende nuk \u00ebsht\u00eb arritur tek nj\u00eb vaksin\u00eb specifike dhe mesa po mendohet kjo do t\u00eb k\u00ebrkoj\u00eb akoma koh\u00eb.\u00a0<\/em><\/p>\n<p><em>\u00cbsht\u00eb nj\u00eb situat\u00eb q\u00eb ka z\u00ebn\u00eb n\u00eb befasi t\u00eb gjith\u00eb bot\u00ebn. P\u00ebrhapja e k\u00ebtij virusi \u00ebsht\u00eb e pashmangshme. Po shoq\u00ebrohet edhe me infodemi (epidemi e lajmeve t\u00eb konfimuara). Infodemia ka prekur mbar\u00eb bot\u00ebn sipas OBSH dhe n\u00eb m\u00ebnyr\u00eb t\u00eb pashmangshme ka prekur edhe Shqip\u00ebrin\u00eb. N\u00eb vendin ton\u00eb kjo situat\u00eb \u00ebsht\u00eb shfaqur m\u00eb shum\u00eb se n\u00eb nj\u00eb form\u00eb. Tituj q\u00eb mbajn\u00eb koronavirus dhe vikitm\u00eb n\u00eb titull, por edhe p\u00ebrpjekja individuale e grupeve t\u00eb caktuara p\u00ebr t\u00eb nxitur panikun dhe p\u00ebr t\u00eb prodhuar alarme.<\/em><\/p>","protected":false},"excerpt":{"rendered":"<p>Kryeministri Edi Rama ka hequr kuriozitetin e t\u00eb gjith\u00ebve, duke b\u00ebr\u00eb me dije se karantina p\u00ebr t\u00eb prekurit e mundsh\u00ebm nga koronavirusi do t\u00eb ngrihet n\u00eb kavalishenc\u00ebn e Durr\u00ebsit, Sht\u00ebpia e Pushimit e Ministris\u00eb s\u00eb Brendshme. Duke folur n\u00eb mbledhjen e Komitetit Komb\u00ebtar t\u00eb Siguris\u00eb, Rama tha se edhe n\u00eb \u00a0spitalin &#8220;Shefqet Ndroqi&#8221; ka kapacitete [&hellip;]<\/p>\n","protected":false},"author":2013,"featured_media":122546,"comment_status":"open","ping_status":"closed","sticky":false,"template":"","format":"standard","meta":{"footnotes":""},"categories":[241,235],"tags":[],"class_list":{"0":"post-122859","1":"post","2":"type-post","3":"status-publish","4":"format-standard","5":"has-post-thumbnail","7":"category-aktualitet","8":"category-vendi"},"_links":{"self":[{"href":"https:\/\/zjarr.tv\/en\/wp-json\/wp\/v2\/posts\/122859","targetHints":{"allow":["GET"]}}],"collection":[{"href":"https:\/\/zjarr.tv\/en\/wp-json\/wp\/v2\/posts"}],"about":[{"href":"https:\/\/zjarr.tv\/en\/wp-json\/wp\/v2\/types\/post"}],"author":[{"embeddable":true,"href":"https:\/\/zjarr.tv\/en\/wp-json\/wp\/v2\/users\/2013"}],"replies":[{"embeddable":true,"href":"https:\/\/zjarr.tv\/en\/wp-json\/wp\/v2\/comments?post=122859"}],"version-history":[{"count":0,"href":"https:\/\/zjarr.tv\/en\/wp-json\/wp\/v2\/posts\/122859\/revisions"}],"wp:featuredmedia":[{"embeddable":true,"href":"https:\/\/zjarr.tv\/en\/wp-json\/wp\/v2\/media\/122546"}],"wp:attachment":[{"href":"https:\/\/zjarr.tv\/en\/wp-json\/wp\/v2\/media?parent=122859"}],"wp:term":[{"taxonomy":"category","embeddable":true,"href":"https:\/\/zjarr.tv\/en\/wp-json\/wp\/v2\/categories?post=122859"},{"taxonomy":"post_tag","embeddable":true,"href":"https:\/\/zjarr.tv\/en\/wp-json\/wp\/v2\/tags?post=122859"}],"curies":[{"name":"wp","href":"https:\/\/api.w.org\/{rel}","templated":true}]}}