{"id":122861,"date":"2020-02-27T14:08:59","date_gmt":"2020-02-27T13:08:59","guid":{"rendered":"https:\/\/zjarr.tv\/?p=122861"},"modified":"2020-02-27T14:08:59","modified_gmt":"2020-02-27T13:08:59","slug":"reformimi-anetaret-e-ps-i-prishin-kongresin-edi-rames-kerkojne-ndryshime-ne-statut","status":"publish","type":"post","link":"https:\/\/zjarr.tv\/en\/reformimi-anetaret-e-ps-i-prishin-kongresin-edi-rames-kerkojne-ndryshime-ne-statut\/","title":{"rendered":"Reformimi, an\u00ebtar\u00ebt e PS i prishin Kongresin Edi Ram\u00ebs, k\u00ebrkojn\u00eb ndryshime n\u00eb statut"},"content":{"rendered":"<p>8 anetar\u00eb i jan\u00eb drejtuar kongresit t\u00eb Partis\u00eb Socialiste me nj\u00eb k\u00ebrkes\u00eb me an\u00eb t\u00eb s\u00eb cil\u00ebs k\u00ebrkohet reformimi i programit dhe statuti i PS.<\/p>\n<p>N\u00ebnshkruajn\u00eb Mocionin: Arta Dade, Eva Teqja (Allushi), Ibrahim Sulaj, Irena Beqiraj, Luan Zhegu, Maqo Lakrori, Nazmir Bilani, P\u00ebrparim Bodinaku\u2026<\/p>\n<p>Dokumenti\u2026.<\/p>\n<p><img decoding=\"async\" src=\"https:\/\/www.syri.net\/uploads\/syri.net\/images\/2020\/February\/27\/auto_sad1582808499.jpg\" alt=\"Image\" \/><img decoding=\"async\" src=\"https:\/\/www.syri.net\/uploads\/syri.net\/images\/2020\/February\/27\/auto_as1582808500.jpg\" alt=\"Image\" \/><img decoding=\"async\" src=\"https:\/\/www.syri.net\/uploads\/syri.net\/images\/2020\/February\/27\/auto_aada1582808504.jpg\" alt=\"Image\" \/><\/p>\n<div id=\"rekl-42\"><\/div>\n<p>&nbsp;<\/p>","protected":false},"excerpt":{"rendered":"<p>8 anetar\u00eb i jan\u00eb drejtuar kongresit t\u00eb Partis\u00eb Socialiste me nj\u00eb k\u00ebrkes\u00eb me an\u00eb t\u00eb s\u00eb cil\u00ebs k\u00ebrkohet reformimi i programit dhe statuti i PS. N\u00ebnshkruajn\u00eb Mocionin: Arta Dade, Eva Teqja (Allushi), Ibrahim Sulaj, Irena Beqiraj, Luan Zhegu, Maqo Lakrori, Nazmir Bilani, P\u00ebrparim Bodinaku\u2026 Dokumenti\u2026. &nbsp;<\/p>","protected":false},"author":2013,"featured_media":38161,"comment_status":"open","ping_status":"closed","sticky":false,"template":"","format":"standard","meta":{"footnotes":""},"categories":[241,235],"tags":[],"class_list":{"0":"post-122861","1":"post","2":"type-post","3":"status-publish","4":"format-standard","5":"has-post-thumbnail","7":"category-aktualitet","8":"category-vendi"},"_links":{"self":[{"href":"https:\/\/zjarr.tv\/en\/wp-json\/wp\/v2\/posts\/122861","targetHints":{"allow":["GET"]}}],"collection":[{"href":"https:\/\/zjarr.tv\/en\/wp-json\/wp\/v2\/posts"}],"about":[{"href":"https:\/\/zjarr.tv\/en\/wp-json\/wp\/v2\/types\/post"}],"author":[{"embeddable":true,"href":"https:\/\/zjarr.tv\/en\/wp-json\/wp\/v2\/users\/2013"}],"replies":[{"embeddable":true,"href":"https:\/\/zjarr.tv\/en\/wp-json\/wp\/v2\/comments?post=122861"}],"version-history":[{"count":0,"href":"https:\/\/zjarr.tv\/en\/wp-json\/wp\/v2\/posts\/122861\/revisions"}],"wp:featuredmedia":[{"embeddable":true,"href":"https:\/\/zjarr.tv\/en\/wp-json\/wp\/v2\/media\/38161"}],"wp:attachment":[{"href":"https:\/\/zjarr.tv\/en\/wp-json\/wp\/v2\/media?parent=122861"}],"wp:term":[{"taxonomy":"category","embeddable":true,"href":"https:\/\/zjarr.tv\/en\/wp-json\/wp\/v2\/categories?post=122861"},{"taxonomy":"post_tag","embeddable":true,"href":"https:\/\/zjarr.tv\/en\/wp-json\/wp\/v2\/tags?post=122861"}],"curies":[{"name":"wp","href":"https:\/\/api.w.org\/{rel}","templated":true}]}}