{"id":122864,"date":"2020-02-27T14:10:13","date_gmt":"2020-02-27T13:10:13","guid":{"rendered":"https:\/\/zjarr.tv\/?p=122864"},"modified":"2020-02-27T14:10:13","modified_gmt":"2020-02-27T13:10:13","slug":"meta-per-euronews-france-tani-eshte-koha-te-degjohet-zeri-i-popullit","status":"publish","type":"post","link":"https:\/\/zjarr.tv\/en\/meta-per-euronews-france-tani-eshte-koha-te-degjohet-zeri-i-popullit\/","title":{"rendered":"Meta p\u00ebr Euronews Franc\u00eb: Tani \u00ebsht\u00eb koha t\u00eb d\u00ebgjohet z\u00ebri i popullit"},"content":{"rendered":"<p>Presidenti Ilir Meta foli n\u00eb nj\u00eb intervist\u00eb p\u00ebr \u201cEuronews\u201d n\u00eb Franc\u00eb, duke komentuar thirrjen e tij p\u00ebr tubimin e 2 marsit. Meta \u00ebsht\u00eb shprehur fillimisht se Shqip\u00ebria po jeton sot n\u00eb nj\u00eb regjim nj\u00ebpartiak duke u p\u00ebrballur p\u00ebr kthimin 30 vite pas, si n\u00eb \u201cKoren\u00eb e Veriut\u201d. Meta p\u00ebrs\u00ebriti akuzat ndaj mazhoranc\u00ebs se zhvilloi zgjedhje anti-ligjore n\u00eb 30 qershor t\u00eb 2019, nd\u00ebrsa manipuloi votat n\u00eb bashk\u00ebpunim me krimit n\u00eb zgjedhjet e m\u00ebparshme.<\/p>\n<p><strong>Meta:<\/strong>\u00a0<em>M\u00eb duhet t\u2019ju them se sot po jetojm\u00eb, fatkeq\u00ebsisht n\u00ebn nj\u00eb regjim nj\u00ebpartiak dhe po p\u00ebrballemi me k\u00ebrc\u00ebnimin q\u00eb t\u00eb kthehemi tridhjet\u00eb vite pas, kur ishim \u201cKoreja e Veriut\u201d e Europ\u00ebs. Tani po ju tregoj hart\u00ebn institucionale t\u00eb Shqip\u00ebris\u00eb, q\u00eb p\u00ebrfaq\u00ebson t\u00eb gjitha institucionet e p\u00ebrcaktuara n\u00eb Kushtetut\u00ebn ton\u00eb. Na duhet t\u00eb garantojm\u00eb mekanizmin e kontrollit dhe balancimit si dhe ndarjen mes pushteteve t\u00eb ndryshme. K\u00ebtu kemi ekzekutivin: \u00ebsht\u00eb vet\u00ebm nj\u00eb parti n\u00eb qeverisje dhe nj\u00eb parti q\u00eb ka zhvilluar zgjedhje anti-ligjore dhe anti-kushtetuese vendore n\u00eb t\u00eb gjith\u00eb vendin. Gjithashtu m\u00eb duhet ta them q\u00eb kjo parti qeveris\u00ebse, n\u00eb bashk\u00ebpunim me krimin e organizuar, me dosje q\u00eb flen\u00eb n\u00eb Prokurori prej tri vitesh, ka manipuluar vullnetin e popullit duke vjedhur zgjedhjet n\u00eb nj\u00eb koh\u00eb kur megjith\u00ebse mbar\u00eb Europa po k\u00ebrkon hetim prej vitesh, asgj\u00eb nuk po ndodh n\u00eb k\u00ebt\u00eb drejtim.<\/em><\/p>\n<p>I pyetur n\u00eb lidhje me akuzat q\u00eb i jan\u00eb drejtuar shpesh se \u201cnuk ka ruajtur neutralitetin\u201d, Presidenti Meta u p\u00ebrgjigj:<\/p>\n<p><strong>Meta:<\/strong>\u00a0<em>Po, patjet\u00ebr. Por si mund t\u00eb q\u00ebndroj un\u00eb mbi politikat partiake kur kemi nj\u00eb kapje totale t\u00eb shtetit n\u00eb Shqip\u00ebri nga mazhoranca n\u00eb pushtet. Kur ajo kontrollon \u00e7do gj\u00eb dhe kur u tregua shum\u00eb qart\u00eb n\u00eb muajt dhe dit\u00ebt e fundit, se ata guxuan dhe shkuan deri aty sa kap\u00ebn, ose uzurpuan atributet kushtetuese t\u00eb Presidentit t\u00eb Republik\u00ebs p\u00ebr em\u00ebrimin e gjykat\u00ebsve kushtetues, bazuar n\u00eb manipulime, falsifikim dokumentesh dhe n\u00eb nj\u00eb m\u00ebnyr\u00eb shum\u00eb t\u00eb strukturuar kriminale. Ky skandal q\u00eb ministrja e Drejt\u00ebsis\u00eb\u2026<\/em><\/p>\n<p>M\u00eb tej, Presidenti u shpreh se zgjedhjet n\u00eb Shqip\u00ebri vitin e kaluar u rr\u00ebzuan dhe nga OSBE\/ODIHR, e cila i cil\u00ebsoi nj\u00ebparitake, q\u00eb nuk ishin legjitime. Megjithat\u00eb, ai sqaroi se beteja e nisur nuk ka t\u00eb b\u00ebj\u00eb me luft\u00ebn politike mes Presidentit dhe Kryeministrit, pasi sipas presidenti, k\u00ebtu po b\u00ebhet p\u00ebrpjekja p\u00ebr kapjen e Gjykat\u00ebs Kushtetuese.<\/p>\n<p><strong>Meta:<\/strong>\u00a0<em>Kjo nuk ka t\u00eb b\u00ebj\u00eb me luft\u00ebn politike mes Presidentit t\u00eb Republik\u00ebs dhe Kryeministrit. K\u00ebtu po b\u00ebhet p\u00ebrpjekja e fundit, q\u00eb me an\u00eb t\u00eb ligjit t\u00eb ri q\u00eb \u00ebsht\u00eb krejt\u00ebsisht kund\u00ebr Kushtetut\u00ebs son\u00eb, ata duan t\u00eb marrin kontrollin e Gjykat\u00ebs Kushtetuese q\u00eb \u00ebsht\u00eb institucioni m\u00eb i r\u00ebnd\u00ebsish\u00ebm i Republik\u00ebs dhe q\u00eb garanton t\u00eb drejtat kushtetuese t\u00eb qytetar\u00ebve tan\u00eb. Ky \u00ebsht\u00eb problemi dhe kjo arsyeja pse po i drejtohem popullit, sepse sovraniteti n\u00eb Republik\u00ebn e Shqip\u00ebris\u00eb i p\u00ebrket vet\u00ebm popullit shqiptar. Kjo nuk \u00ebsht\u00eb luft\u00eb p\u00ebr pushtet. Un\u00eb po luftoj p\u00ebr shtetin e s\u00eb drejt\u00ebs. Po luftoj p\u00ebr t\u00eb mbrojtur demokracin\u00eb nga nj\u00eb regjim nj\u00ebpartiak, q\u00eb ka uzurpuar \u00e7do institucion t\u00eb pavarur n\u00eb k\u00ebt\u00eb vend, dhe tani do t\u00eb kap\u00eb edhe Gjykat\u00ebn Kushtetuese.<\/em><\/p>\n<p>Gjithashtu Presidenti \u00ebsh\u00eb shprehur se ka shteruar t\u00eb gjitha mjetet institucionale p\u00ebr gjetjen e nj\u00eb zgjidhje, ndaj ka thirrur popullin.<\/p>\n<p><strong>Meta:<\/strong>\u00a0<em>I kam shteruar t\u00eb gjitha mjetet institucionale. Jam p\u00ebrpjekur ta shmang k\u00ebt\u00eb p\u00ebrplasje institucionale, por ata ishin t\u00eb vendosur dhe t\u00eb fiksuar p\u00ebr t\u00eb rr\u00ebmbyer edhe Gjykat\u00ebn Kushtetuese t\u00eb Shqip\u00ebris\u00eb. Kjo \u00ebsht\u00eb di\u00e7ka e papranueshme i kam paralajm\u00ebruar prej muajsh se kjo p\u00ebr mua si President i Republik\u00ebs, \u00ebsht\u00eb vija e kuqe, sepse p\u00ebrgjegj\u00ebsia e par\u00eb dhe e fundit m\u00eb e r\u00ebnd\u00ebsishme e Presidentit \u00ebsht\u00eb t\u00eb mbroj\u00eb dhe t\u00eb ruaj\u00eb Kushtetut\u00ebn e Shqip\u00ebris\u00eb. Tani \u00ebsht\u00eb koha q\u00eb t\u00eb d\u00ebgjohet z\u00ebri i popullit shqiptar, i qytetar\u00ebve shqiptar\u00eb! Q\u00eb e gjith\u00eb bota ta shikoj\u00eb e ta marr\u00eb vesh se \u00e7far\u00eb mendon populli shqiptar p\u00ebr k\u00ebt\u00eb situat\u00eb. Jam i sigurt q\u00eb ata do t\u00eb ken\u00eb nj\u00eb mesazh tep\u00ebr t\u00eb qart\u00eb se nuk duan t\u00eb rikthehen n\u00eb nj\u00eb regjim nj\u00ebpartiak si ai n\u00ebn t\u00eb cilin kemi jetuar dikur p\u00ebr pes\u00ebdhjet\u00eb vite.<\/em><\/p>","protected":false},"excerpt":{"rendered":"<p>Presidenti Ilir Meta foli n\u00eb nj\u00eb intervist\u00eb p\u00ebr \u201cEuronews\u201d n\u00eb Franc\u00eb, duke komentuar thirrjen e tij p\u00ebr tubimin e 2 marsit. Meta \u00ebsht\u00eb shprehur fillimisht se Shqip\u00ebria po jeton sot n\u00eb nj\u00eb regjim nj\u00ebpartiak duke u p\u00ebrballur p\u00ebr kthimin 30 vite pas, si n\u00eb \u201cKoren\u00eb e Veriut\u201d. Meta p\u00ebrs\u00ebriti akuzat ndaj mazhoranc\u00ebs se zhvilloi zgjedhje [&hellip;]<\/p>\n","protected":false},"author":2013,"featured_media":122865,"comment_status":"open","ping_status":"closed","sticky":false,"template":"","format":"standard","meta":{"footnotes":""},"categories":[241,235],"tags":[],"class_list":{"0":"post-122864","1":"post","2":"type-post","3":"status-publish","4":"format-standard","5":"has-post-thumbnail","7":"category-aktualitet","8":"category-vendi"},"_links":{"self":[{"href":"https:\/\/zjarr.tv\/en\/wp-json\/wp\/v2\/posts\/122864","targetHints":{"allow":["GET"]}}],"collection":[{"href":"https:\/\/zjarr.tv\/en\/wp-json\/wp\/v2\/posts"}],"about":[{"href":"https:\/\/zjarr.tv\/en\/wp-json\/wp\/v2\/types\/post"}],"author":[{"embeddable":true,"href":"https:\/\/zjarr.tv\/en\/wp-json\/wp\/v2\/users\/2013"}],"replies":[{"embeddable":true,"href":"https:\/\/zjarr.tv\/en\/wp-json\/wp\/v2\/comments?post=122864"}],"version-history":[{"count":0,"href":"https:\/\/zjarr.tv\/en\/wp-json\/wp\/v2\/posts\/122864\/revisions"}],"wp:featuredmedia":[{"embeddable":true,"href":"https:\/\/zjarr.tv\/en\/wp-json\/wp\/v2\/media\/122865"}],"wp:attachment":[{"href":"https:\/\/zjarr.tv\/en\/wp-json\/wp\/v2\/media?parent=122864"}],"wp:term":[{"taxonomy":"category","embeddable":true,"href":"https:\/\/zjarr.tv\/en\/wp-json\/wp\/v2\/categories?post=122864"},{"taxonomy":"post_tag","embeddable":true,"href":"https:\/\/zjarr.tv\/en\/wp-json\/wp\/v2\/tags?post=122864"}],"curies":[{"name":"wp","href":"https:\/\/api.w.org\/{rel}","templated":true}]}}