{"id":122869,"date":"2020-02-27T14:13:24","date_gmt":"2020-02-27T13:13:24","guid":{"rendered":"https:\/\/zjarr.tv\/?p=122869"},"modified":"2020-02-27T14:13:24","modified_gmt":"2020-02-27T13:13:24","slug":"tete-anetare-te-ps-leter-kongresit-te-reformohet-partia-10-pikat-qe-propozohen","status":"publish","type":"post","link":"https:\/\/zjarr.tv\/en\/tete-anetare-te-ps-leter-kongresit-te-reformohet-partia-10-pikat-qe-propozohen\/","title":{"rendered":"Tet\u00eb an\u00ebtar\u00eb t\u00eb PS let\u00ebr Kongresit: T\u00eb reformohet partia, 10 pikat q\u00eb propozohen"},"content":{"rendered":"<p>Disa an\u00ebtar\u00eb t\u00eb Partis\u00eb Socialiste i kan\u00eb drejtuar nj\u00eb mocion Kongresit, q\u00eb do t\u00eb mbahet n\u00eb tre dit\u00eb, ku k\u00ebrkojn\u00eb reformimin e Partis\u00eb Socialiste. Ata propozojn\u00eb nj\u00eb paket\u00eb me 10 ndryshime themelore n\u00eb programin dhe statusin e paris\u00eb, duke k\u00ebrkuar q\u00eb ato t\u00eb paraqiten p\u00ebr votimin n\u00eb Kongresin e dat\u00ebs 29 shkurt.<\/p>\n<p><strong>Objektivat kryesor\u00eb t\u00eb mocionit jan\u00eb:<\/strong>\u00a0<em>Parti me liri fjale, fotim t\u00eb ndersh\u00ebm, vendimmarrje dhe drejtim kolegjial. Parti me integritet, e pakpashme nga korrupsioni dhe krimi i organizuar. Parti q\u00eb realizon qeverisjen e majt\u00eb demokratike, q\u00eb mbron dhe u sh\u00ebrben interesave themelore t\u00eb shtetasve shqiptar\u00eb, kudo \u00eb jetojn\u00eb.\u00a0<\/em><\/p>\n<p>An\u00ebtar\u00ebt q\u00eb kan\u00eb propozuar k\u00ebto ndryshime jan\u00eb Arta Dade, Eva Teqja, Ibrahim Sula, Irena Beqiraj, Luan Zhegu, Maqo Lakrori, Nazmir Bilali dhe P\u00ebrparim Bodinaku.<\/p>\n<p><img decoding=\"async\" class=\"fr-fic fr-dib\" src=\"https:\/\/www.oranews.tv\/storage\/app\/media\/home\/ora\/public_html\/storage\/app\/media\/2020\/02\/27\/e08aeb70-2c1b-4e21-9b1b-d74d5a2e027d-1582809011.jpg\" data-result=\"success\" \/><\/p>\n<p><img decoding=\"async\" class=\"fr-fic fr-dib\" src=\"https:\/\/www.oranews.tv\/storage\/app\/media\/home\/ora\/public_html\/storage\/app\/media\/2020\/02\/27\/72bdf7be-576c-427c-9a4c-a748cc1008f8-1582808997.jpg\" data-result=\"success\" \/><\/p>","protected":false},"excerpt":{"rendered":"<p>Disa an\u00ebtar\u00eb t\u00eb Partis\u00eb Socialiste i kan\u00eb drejtuar nj\u00eb mocion Kongresit, q\u00eb do t\u00eb mbahet n\u00eb tre dit\u00eb, ku k\u00ebrkojn\u00eb reformimin e Partis\u00eb Socialiste. Ata propozojn\u00eb nj\u00eb paket\u00eb me 10 ndryshime themelore n\u00eb programin dhe statusin e paris\u00eb, duke k\u00ebrkuar q\u00eb ato t\u00eb paraqiten p\u00ebr votimin n\u00eb Kongresin e dat\u00ebs 29 shkurt. Objektivat kryesor\u00eb t\u00eb [&hellip;]<\/p>\n","protected":false},"author":2013,"featured_media":30694,"comment_status":"open","ping_status":"closed","sticky":false,"template":"","format":"standard","meta":{"footnotes":""},"categories":[241,235],"tags":[],"class_list":{"0":"post-122869","1":"post","2":"type-post","3":"status-publish","4":"format-standard","5":"has-post-thumbnail","7":"category-aktualitet","8":"category-vendi"},"_links":{"self":[{"href":"https:\/\/zjarr.tv\/en\/wp-json\/wp\/v2\/posts\/122869","targetHints":{"allow":["GET"]}}],"collection":[{"href":"https:\/\/zjarr.tv\/en\/wp-json\/wp\/v2\/posts"}],"about":[{"href":"https:\/\/zjarr.tv\/en\/wp-json\/wp\/v2\/types\/post"}],"author":[{"embeddable":true,"href":"https:\/\/zjarr.tv\/en\/wp-json\/wp\/v2\/users\/2013"}],"replies":[{"embeddable":true,"href":"https:\/\/zjarr.tv\/en\/wp-json\/wp\/v2\/comments?post=122869"}],"version-history":[{"count":0,"href":"https:\/\/zjarr.tv\/en\/wp-json\/wp\/v2\/posts\/122869\/revisions"}],"wp:featuredmedia":[{"embeddable":true,"href":"https:\/\/zjarr.tv\/en\/wp-json\/wp\/v2\/media\/30694"}],"wp:attachment":[{"href":"https:\/\/zjarr.tv\/en\/wp-json\/wp\/v2\/media?parent=122869"}],"wp:term":[{"taxonomy":"category","embeddable":true,"href":"https:\/\/zjarr.tv\/en\/wp-json\/wp\/v2\/categories?post=122869"},{"taxonomy":"post_tag","embeddable":true,"href":"https:\/\/zjarr.tv\/en\/wp-json\/wp\/v2\/tags?post=122869"}],"curies":[{"name":"wp","href":"https:\/\/api.w.org\/{rel}","templated":true}]}}