{"id":122871,"date":"2020-02-27T14:24:46","date_gmt":"2020-02-27T13:24:46","guid":{"rendered":"https:\/\/zjarr.tv\/?p=122871"},"modified":"2020-02-27T14:24:46","modified_gmt":"2020-02-27T13:24:46","slug":"zhvillohet-analiza-vjetore-per-2019-e-prokurorive-ne-rang-apeli-per-veriun-olsian-cela-jemi-depozita-e-madhe-qe-te-dergon-ne-rrjetet-kriminale","status":"publish","type":"post","link":"https:\/\/zjarr.tv\/en\/zhvillohet-analiza-vjetore-per-2019-e-prokurorive-ne-rang-apeli-per-veriun-olsian-cela-jemi-depozita-e-madhe-qe-te-dergon-ne-rrjetet-kriminale\/","title":{"rendered":"Zhvillohet analiza vjetore p\u00ebr 2019 e Prokurorive n\u00eb rang apeli p\u00ebr veriun, Olsian \u00c7ela: Jemi depozita e madhe q\u00eb t\u00eb d\u00ebrgon n\u00eb rrjetet kriminale"},"content":{"rendered":"<p>Prokurori i P\u00ebrgjithsh\u00ebm Olsian \u00c7ela ka dh\u00ebn\u00eb udh\u00ebzime por edhe mesazhe t\u00eb forta p\u00ebr prokuror\u00ebt nga Shkodra.<\/p>\n<p>\u00c7ela ka qen\u00eb n\u00eb Shkod\u00ebr, p\u00ebr analiz\u00ebn vjetore t\u00eb 2019 t\u00eb Prokurorive n\u00eb rang Apeli p\u00ebr veriun e vendit, ku deklaroi se Prokuroria po p\u00ebrballet me sfida t\u00eb r\u00ebnd\u00ebsishme qoft\u00eb me reform\u00ebn n\u00eb drejt\u00ebsi por dhe nevoj\u00ebn q\u00eb ka vendi p\u00ebr nj\u00eb prokurori efikase.<\/p>\n<p>\u201cSi \u00e7do vit analiza kristalizon at\u00eb \u00e7ka \u00ebsht\u00eb b\u00ebr\u00eb gjat\u00eb k\u00ebtij viti me momente pozitive dhe negative. Prokuroria po p\u00ebrballet me sfida t\u00eb r\u00ebnd\u00ebsishme qoft\u00eb me reform\u00ebn n\u00eb drejt\u00ebsi por dhe nevoj\u00ebn q\u00eb ka vendi p\u00ebr nj\u00eb prokurori efikase. Jemi n\u00eb faze rikonstruksioni. Q\u00eb nga fundi i vitit prokuroria ka kompetenca te reja si antikorrupsion anti mafia dhe krimin e organizuar. Duket se me SPAK relativizohen prokurorit\u00eb por n\u00eb fakt ne jemi depozita e madhe q\u00eb t\u00eb d\u00ebrgon n\u00eb rrjetet kriminale. Prej jush duhet t\u00eb rriten metodat speciale t\u00eb hetimit. Jan\u00eb momente shum\u00eb t\u00eb r\u00ebnd\u00ebsishme pasi ju duhet t\u00eb perfeksiononi metodikat. Pastrimi i parave \u00ebsht\u00eb nj\u00eb fushe tjet\u00ebr objektiv. Pastrimi i produkteve t\u00eb \u00e7\u00ebshtjeve penale, suksesi ka qen\u00eb i mang\u00ebt. Duhet t\u00eb grumbullojm\u00eb prova tek krimi financiar. Duhet t\u00eb aplikojm\u00eb ligjin antimafia. Shkodra, Lezha, Kuk\u00ebsi etj kan\u00eb forma t\u00eb ndryshme krimi. Ju keni prov\u00ebn p\u00ebr ta b\u00ebr\u00eb p\u00ebrballjen n\u00eb m\u00ebnyr\u00ebn e duhur\u201d, deklaroi \u00c7ela.<\/p>","protected":false},"excerpt":{"rendered":"<p>Prokurori i P\u00ebrgjithsh\u00ebm Olsian \u00c7ela ka dh\u00ebn\u00eb udh\u00ebzime por edhe mesazhe t\u00eb forta p\u00ebr prokuror\u00ebt nga Shkodra. \u00c7ela ka qen\u00eb n\u00eb Shkod\u00ebr, p\u00ebr analiz\u00ebn vjetore t\u00eb 2019 t\u00eb Prokurorive n\u00eb rang Apeli p\u00ebr veriun e vendit, ku deklaroi se Prokuroria po p\u00ebrballet me sfida t\u00eb r\u00ebnd\u00ebsishme qoft\u00eb me reform\u00ebn n\u00eb drejt\u00ebsi por dhe nevoj\u00ebn q\u00eb [&hellip;]<\/p>\n","protected":false},"author":2013,"featured_media":122872,"comment_status":"open","ping_status":"closed","sticky":false,"template":"","format":"standard","meta":{"footnotes":""},"categories":[241,235],"tags":[],"class_list":{"0":"post-122871","1":"post","2":"type-post","3":"status-publish","4":"format-standard","5":"has-post-thumbnail","7":"category-aktualitet","8":"category-vendi"},"_links":{"self":[{"href":"https:\/\/zjarr.tv\/en\/wp-json\/wp\/v2\/posts\/122871","targetHints":{"allow":["GET"]}}],"collection":[{"href":"https:\/\/zjarr.tv\/en\/wp-json\/wp\/v2\/posts"}],"about":[{"href":"https:\/\/zjarr.tv\/en\/wp-json\/wp\/v2\/types\/post"}],"author":[{"embeddable":true,"href":"https:\/\/zjarr.tv\/en\/wp-json\/wp\/v2\/users\/2013"}],"replies":[{"embeddable":true,"href":"https:\/\/zjarr.tv\/en\/wp-json\/wp\/v2\/comments?post=122871"}],"version-history":[{"count":0,"href":"https:\/\/zjarr.tv\/en\/wp-json\/wp\/v2\/posts\/122871\/revisions"}],"wp:featuredmedia":[{"embeddable":true,"href":"https:\/\/zjarr.tv\/en\/wp-json\/wp\/v2\/media\/122872"}],"wp:attachment":[{"href":"https:\/\/zjarr.tv\/en\/wp-json\/wp\/v2\/media?parent=122871"}],"wp:term":[{"taxonomy":"category","embeddable":true,"href":"https:\/\/zjarr.tv\/en\/wp-json\/wp\/v2\/categories?post=122871"},{"taxonomy":"post_tag","embeddable":true,"href":"https:\/\/zjarr.tv\/en\/wp-json\/wp\/v2\/tags?post=122871"}],"curies":[{"name":"wp","href":"https:\/\/api.w.org\/{rel}","templated":true}]}}